{"id":1775,"date":"2016-04-12T10:59:58","date_gmt":"2016-04-12T09:59:58","guid":{"rendered":"http:\/\/mp-c.eu\/agence\/?p=1775"},"modified":"2024-12-09T00:57:29","modified_gmt":"2024-12-08T23:57:29","slug":"le-comite-de-labellisation-operationnel","status":"publish","type":"post","link":"https:\/\/mp-c.eu\/agence\/le-comite-de-labellisation-operationnel\/","title":{"rendered":"LE \u00ab COMIT\u00c9 DE LABELLISATION \u00bb OP\u00c9RATIONNEL"},"content":{"rendered":"<p><strong>Le 12 f\u00e9vrier dernier, le \u00ab\u00a0Comit\u00e9 de labellisation\u00a0\u00bb s\u2019est r\u00e9uni pour la premi\u00e8re fois cette ann\u00e9e pour d\u00e9lib\u00e9rer sur 3 dossiers de candidatures<\/strong>\u00a0: ceux des rivi\u00e8res la Dorches et la V\u00e9z\u00e9ronce, dans l\u2019Ain, et celui du Taravo en Corse qui ont d\u00e9pos\u00e9 leurs dossiers pour l\u2019obtention du label \u00ab\u00a0Site Rivi\u00e8res Sauvages \u00bb.<\/p>\n<p>&nbsp;<\/p>\n<p>Lire la news dans son int\u00e9gralit\u00e9 : \u00a0<a href=\"http:\/\/www.rivieres-sauvages.fr\/2016\/04\/01\/le-comite-de-labellisation-operationnel\/\" target=\"_blank\">ici<\/a><\/p>\n","protected":false},"excerpt":{"rendered":"<p>Le 12 f\u00e9vrier dernier, le \u00ab\u00a0Comit\u00e9 de labellisation\u00a0\u00bb s\u2019est r\u00e9uni pour la premi\u00e8re fois cette ann\u00e9e pour d\u00e9lib\u00e9rer sur 3 dossiers de candidatures\u00a0: ceux des rivi\u00e8res la Dorches et la V\u00e9z\u00e9ronce, dans l\u2019Ain, et celui du Taravo en Corse qui ont d\u00e9pos\u00e9 leurs dossiers pour l\u2019obtention du label \u00ab\u00a0Site Rivi\u00e8res Sauvages \u00bb. &nbsp; Lire la [&hellip;]<\/p>\n","protected":false},"author":1,"featured_media":1778,"comment_status":"open","ping_status":"open","sticky":false,"template":"","format":"standard","meta":{"_acf_changed":false,"_et_pb_use_builder":"","_et_pb_old_content":"","_et_gb_content_width":"","_exactmetrics_skip_tracking":false,"_exactmetrics_sitenote_active":false,"_exactmetrics_sitenote_note":"","_exactmetrics_sitenote_category":0,"footnotes":""},"categories":[36],"tags":[199,295,29,430,23,200,103,429,145,265,147],"class_list":["post-1775","post","type-post","status-publish","format-standard","has-post-thumbnail","hentry","category-presse","tag-ecologie","tag-animation","tag-association","tag-comite-de-pilotage","tag-don","tag-environnement","tag-label","tag-reseau","tag-relations-publics","tag-rivieres-sauvages","tag-syndicat"],"acf":[],"yoast_head":"<!-- This site is optimized with the Yoast SEO plugin v26.5 - https:\/\/yoast.com\/wordpress\/plugins\/seo\/ -->\n<title>LE \u00ab COMIT\u00c9 DE LABELLISATION \u00bb OP\u00c9RATIONNEL - MPC<\/title>\n<meta name=\"robots\" content=\"index, follow, max-snippet:-1, max-image-preview:large, max-video-preview:-1\" \/>\n<link rel=\"canonical\" href=\"https:\/\/mp-c.eu\/agence\/le-comite-de-labellisation-operationnel\/\" \/>\n<meta property=\"og:locale\" content=\"fr_FR\" \/>\n<meta property=\"og:type\" content=\"article\" \/>\n<meta property=\"og:title\" content=\"LE \u00ab COMIT\u00c9 DE LABELLISATION \u00bb OP\u00c9RATIONNEL - MPC\" \/>\n<meta property=\"og:description\" content=\"Le 12 f\u00e9vrier dernier, le \u00ab\u00a0Comit\u00e9 de labellisation\u00a0\u00bb s\u2019est r\u00e9uni pour la premi\u00e8re fois cette ann\u00e9e pour d\u00e9lib\u00e9rer sur 3 dossiers de candidatures\u00a0: ceux des rivi\u00e8res la Dorches et la V\u00e9z\u00e9ronce, dans l\u2019Ain, et celui du Taravo en Corse qui ont d\u00e9pos\u00e9 leurs dossiers pour l\u2019obtention du label \u00ab\u00a0Site Rivi\u00e8res Sauvages \u00bb. &nbsp; Lire la [&hellip;]\" \/>\n<meta property=\"og:url\" content=\"https:\/\/mp-c.eu\/agence\/le-comite-de-labellisation-operationnel\/\" \/>\n<meta property=\"og:site_name\" content=\"MPC\" \/>\n<meta property=\"article:publisher\" content=\"https:\/\/www.facebook.com\/agenceMPC\" \/>\n<meta property=\"article:published_time\" content=\"2016-04-12T09:59:58+00:00\" \/>\n<meta property=\"article:modified_time\" content=\"2024-12-08T23:57:29+00:00\" \/>\n<meta property=\"og:image\" content=\"https:\/\/mp-c.eu\/agence\/wp-content\/uploads\/2016\/04\/Philippe-Beranger-la-valserine-3.jpg\" \/>\n\t<meta property=\"og:image:width\" content=\"800\" \/>\n\t<meta property=\"og:image:height\" content=\"534\" \/>\n\t<meta property=\"og:image:type\" content=\"image\/jpeg\" \/>\n<meta name=\"author\" content=\"MPCadm\" \/>\n<meta name=\"twitter:card\" content=\"summary_large_image\" \/>\n<meta name=\"twitter:creator\" content=\"@mapyntonga\" \/>\n<meta name=\"twitter:site\" content=\"@mapyntonga\" \/>\n<meta name=\"twitter:label1\" content=\"\u00c9crit par\" \/>\n\t<meta name=\"twitter:data1\" content=\"MPCadm\" \/>\n<script type=\"application\/ld+json\" class=\"yoast-schema-graph\">{\"@context\":\"https:\/\/schema.org\",\"@graph\":[{\"@type\":\"Article\",\"@id\":\"https:\/\/mp-c.eu\/agence\/le-comite-de-labellisation-operationnel\/#article\",\"isPartOf\":{\"@id\":\"https:\/\/mp-c.eu\/agence\/le-comite-de-labellisation-operationnel\/\"},\"author\":{\"name\":\"MPCadm\",\"@id\":\"https:\/\/mp-c.eu\/agence\/#\/schema\/person\/344f85a775d8d4fd7648d2b329ab51e0\"},\"headline\":\"LE \u00ab COMIT\u00c9 DE LABELLISATION \u00bb OP\u00c9RATIONNEL\",\"datePublished\":\"2016-04-12T09:59:58+00:00\",\"dateModified\":\"2024-12-08T23:57:29+00:00\",\"mainEntityOfPage\":{\"@id\":\"https:\/\/mp-c.eu\/agence\/le-comite-de-labellisation-operationnel\/\"},\"wordCount\":78,\"commentCount\":0,\"publisher\":{\"@id\":\"https:\/\/mp-c.eu\/agence\/#organization\"},\"image\":{\"@id\":\"https:\/\/mp-c.eu\/agence\/le-comite-de-labellisation-operationnel\/#primaryimage\"},\"thumbnailUrl\":\"https:\/\/mp-c.eu\/agence\/wp-content\/uploads\/2016\/04\/Philippe-Beranger-la-valserine-3.jpg\",\"keywords\":[\"\u00e9cologie\",\"animation\",\"association\",\"comit\u00e9 de pilotage\",\"don\",\"environnement\",\"Label\",\"r\u00e9seau\",\"relations publics\",\"rivi\u00e8res sauvages\",\"syndicat\"],\"articleSection\":[\"Presse\"],\"inLanguage\":\"fr-FR\",\"potentialAction\":[{\"@type\":\"CommentAction\",\"name\":\"Comment\",\"target\":[\"https:\/\/mp-c.eu\/agence\/le-comite-de-labellisation-operationnel\/#respond\"]}]},{\"@type\":\"WebPage\",\"@id\":\"https:\/\/mp-c.eu\/agence\/le-comite-de-labellisation-operationnel\/\",\"url\":\"https:\/\/mp-c.eu\/agence\/le-comite-de-labellisation-operationnel\/\",\"name\":\"LE \u00ab COMIT\u00c9 DE LABELLISATION \u00bb OP\u00c9RATIONNEL - MPC\",\"isPartOf\":{\"@id\":\"https:\/\/mp-c.eu\/agence\/#website\"},\"primaryImageOfPage\":{\"@id\":\"https:\/\/mp-c.eu\/agence\/le-comite-de-labellisation-operationnel\/#primaryimage\"},\"image\":{\"@id\":\"https:\/\/mp-c.eu\/agence\/le-comite-de-labellisation-operationnel\/#primaryimage\"},\"thumbnailUrl\":\"https:\/\/mp-c.eu\/agence\/wp-content\/uploads\/2016\/04\/Philippe-Beranger-la-valserine-3.jpg\",\"datePublished\":\"2016-04-12T09:59:58+00:00\",\"dateModified\":\"2024-12-08T23:57:29+00:00\",\"breadcrumb\":{\"@id\":\"https:\/\/mp-c.eu\/agence\/le-comite-de-labellisation-operationnel\/#breadcrumb\"},\"inLanguage\":\"fr-FR\",\"potentialAction\":[{\"@type\":\"ReadAction\",\"target\":[\"https:\/\/mp-c.eu\/agence\/le-comite-de-labellisation-operationnel\/\"]}]},{\"@type\":\"ImageObject\",\"inLanguage\":\"fr-FR\",\"@id\":\"https:\/\/mp-c.eu\/agence\/le-comite-de-labellisation-operationnel\/#primaryimage\",\"url\":\"https:\/\/mp-c.eu\/agence\/wp-content\/uploads\/2016\/04\/Philippe-Beranger-la-valserine-3.jpg\",\"contentUrl\":\"https:\/\/mp-c.eu\/agence\/wp-content\/uploads\/2016\/04\/Philippe-Beranger-la-valserine-3.jpg\",\"width\":800,\"height\":534,\"caption\":\"Lieu-dit la rivi\u00e8re\"},{\"@type\":\"BreadcrumbList\",\"@id\":\"https:\/\/mp-c.eu\/agence\/le-comite-de-labellisation-operationnel\/#breadcrumb\",\"itemListElement\":[{\"@type\":\"ListItem\",\"position\":1,\"name\":\"Accueil\",\"item\":\"https:\/\/mp-c.eu\/agence\/\"},{\"@type\":\"ListItem\",\"position\":2,\"name\":\"LE \u00ab COMIT\u00c9 DE LABELLISATION \u00bb OP\u00c9RATIONNEL\"}]},{\"@type\":\"WebSite\",\"@id\":\"https:\/\/mp-c.eu\/agence\/#website\",\"url\":\"https:\/\/mp-c.eu\/agence\/\",\"name\":\"MPC\",\"description\":\"Media Presse Communication - Marie-Pierre Medouga Ngikessi\",\"publisher\":{\"@id\":\"https:\/\/mp-c.eu\/agence\/#organization\"},\"potentialAction\":[{\"@type\":\"SearchAction\",\"target\":{\"@type\":\"EntryPoint\",\"urlTemplate\":\"https:\/\/mp-c.eu\/agence\/?s={search_term_string}\"},\"query-input\":{\"@type\":\"PropertyValueSpecification\",\"valueRequired\":true,\"valueName\":\"search_term_string\"}}],\"inLanguage\":\"fr-FR\"},{\"@type\":\"Organization\",\"@id\":\"https:\/\/mp-c.eu\/agence\/#organization\",\"name\":\"Media Presse & Communication\",\"url\":\"https:\/\/mp-c.eu\/agence\/\",\"logo\":{\"@type\":\"ImageObject\",\"inLanguage\":\"fr-FR\",\"@id\":\"https:\/\/mp-c.eu\/agence\/#\/schema\/logo\/image\/\",\"url\":\"https:\/\/mp-c.eu\/agence\/wp-content\/uploads\/2024\/09\/logo-MPC-HD-1.jpg\",\"contentUrl\":\"https:\/\/mp-c.eu\/agence\/wp-content\/uploads\/2024\/09\/logo-MPC-HD-1.jpg\",\"width\":680,\"height\":434,\"caption\":\"Media Presse & Communication\"},\"image\":{\"@id\":\"https:\/\/mp-c.eu\/agence\/#\/schema\/logo\/image\/\"},\"sameAs\":[\"https:\/\/www.facebook.com\/agenceMPC\",\"https:\/\/x.com\/mapyntonga\",\"https:\/\/www.linkedin.com\/in\/marie-pierre-medouga-ndjikessi-6b2a7645\"]},{\"@type\":\"Person\",\"@id\":\"https:\/\/mp-c.eu\/agence\/#\/schema\/person\/344f85a775d8d4fd7648d2b329ab51e0\",\"name\":\"MPCadm\",\"image\":{\"@type\":\"ImageObject\",\"inLanguage\":\"fr-FR\",\"@id\":\"https:\/\/mp-c.eu\/agence\/#\/schema\/person\/image\/\",\"url\":\"https:\/\/secure.gravatar.com\/avatar\/6c55f3109e0e2279c147d8bb3ab215e5?s=96&d=mm&r=g\",\"contentUrl\":\"https:\/\/secure.gravatar.com\/avatar\/6c55f3109e0e2279c147d8bb3ab215e5?s=96&d=mm&r=g\",\"caption\":\"MPCadm\"},\"url\":\"https:\/\/mp-c.eu\/agence\/author\/mpcadm\/\"}]}<\/script>\n<!-- \/ Yoast SEO plugin. -->","yoast_head_json":{"title":"LE \u00ab COMIT\u00c9 DE LABELLISATION \u00bb OP\u00c9RATIONNEL - MPC","robots":{"index":"index","follow":"follow","max-snippet":"max-snippet:-1","max-image-preview":"max-image-preview:large","max-video-preview":"max-video-preview:-1"},"canonical":"https:\/\/mp-c.eu\/agence\/le-comite-de-labellisation-operationnel\/","og_locale":"fr_FR","og_type":"article","og_title":"LE \u00ab COMIT\u00c9 DE LABELLISATION \u00bb OP\u00c9RATIONNEL - MPC","og_description":"Le 12 f\u00e9vrier dernier, le \u00ab\u00a0Comit\u00e9 de labellisation\u00a0\u00bb s\u2019est r\u00e9uni pour la premi\u00e8re fois cette ann\u00e9e pour d\u00e9lib\u00e9rer sur 3 dossiers de candidatures\u00a0: ceux des rivi\u00e8res la Dorches et la V\u00e9z\u00e9ronce, dans l\u2019Ain, et celui du Taravo en Corse qui ont d\u00e9pos\u00e9 leurs dossiers pour l\u2019obtention du label \u00ab\u00a0Site Rivi\u00e8res Sauvages \u00bb. &nbsp; Lire la [&hellip;]","og_url":"https:\/\/mp-c.eu\/agence\/le-comite-de-labellisation-operationnel\/","og_site_name":"MPC","article_publisher":"https:\/\/www.facebook.com\/agenceMPC","article_published_time":"2016-04-12T09:59:58+00:00","article_modified_time":"2024-12-08T23:57:29+00:00","og_image":[{"width":800,"height":534,"url":"https:\/\/mp-c.eu\/agence\/wp-content\/uploads\/2016\/04\/Philippe-Beranger-la-valserine-3.jpg","type":"image\/jpeg"}],"author":"MPCadm","twitter_card":"summary_large_image","twitter_creator":"@mapyntonga","twitter_site":"@mapyntonga","twitter_misc":{"\u00c9crit par":"MPCadm"},"schema":{"@context":"https:\/\/schema.org","@graph":[{"@type":"Article","@id":"https:\/\/mp-c.eu\/agence\/le-comite-de-labellisation-operationnel\/#article","isPartOf":{"@id":"https:\/\/mp-c.eu\/agence\/le-comite-de-labellisation-operationnel\/"},"author":{"name":"MPCadm","@id":"https:\/\/mp-c.eu\/agence\/#\/schema\/person\/344f85a775d8d4fd7648d2b329ab51e0"},"headline":"LE \u00ab COMIT\u00c9 DE LABELLISATION \u00bb OP\u00c9RATIONNEL","datePublished":"2016-04-12T09:59:58+00:00","dateModified":"2024-12-08T23:57:29+00:00","mainEntityOfPage":{"@id":"https:\/\/mp-c.eu\/agence\/le-comite-de-labellisation-operationnel\/"},"wordCount":78,"commentCount":0,"publisher":{"@id":"https:\/\/mp-c.eu\/agence\/#organization"},"image":{"@id":"https:\/\/mp-c.eu\/agence\/le-comite-de-labellisation-operationnel\/#primaryimage"},"thumbnailUrl":"https:\/\/mp-c.eu\/agence\/wp-content\/uploads\/2016\/04\/Philippe-Beranger-la-valserine-3.jpg","keywords":["\u00e9cologie","animation","association","comit\u00e9 de pilotage","don","environnement","Label","r\u00e9seau","relations publics","rivi\u00e8res sauvages","syndicat"],"articleSection":["Presse"],"inLanguage":"fr-FR","potentialAction":[{"@type":"CommentAction","name":"Comment","target":["https:\/\/mp-c.eu\/agence\/le-comite-de-labellisation-operationnel\/#respond"]}]},{"@type":"WebPage","@id":"https:\/\/mp-c.eu\/agence\/le-comite-de-labellisation-operationnel\/","url":"https:\/\/mp-c.eu\/agence\/le-comite-de-labellisation-operationnel\/","name":"LE \u00ab COMIT\u00c9 DE LABELLISATION \u00bb OP\u00c9RATIONNEL - MPC","isPartOf":{"@id":"https:\/\/mp-c.eu\/agence\/#website"},"primaryImageOfPage":{"@id":"https:\/\/mp-c.eu\/agence\/le-comite-de-labellisation-operationnel\/#primaryimage"},"image":{"@id":"https:\/\/mp-c.eu\/agence\/le-comite-de-labellisation-operationnel\/#primaryimage"},"thumbnailUrl":"https:\/\/mp-c.eu\/agence\/wp-content\/uploads\/2016\/04\/Philippe-Beranger-la-valserine-3.jpg","datePublished":"2016-04-12T09:59:58+00:00","dateModified":"2024-12-08T23:57:29+00:00","breadcrumb":{"@id":"https:\/\/mp-c.eu\/agence\/le-comite-de-labellisation-operationnel\/#breadcrumb"},"inLanguage":"fr-FR","potentialAction":[{"@type":"ReadAction","target":["https:\/\/mp-c.eu\/agence\/le-comite-de-labellisation-operationnel\/"]}]},{"@type":"ImageObject","inLanguage":"fr-FR","@id":"https:\/\/mp-c.eu\/agence\/le-comite-de-labellisation-operationnel\/#primaryimage","url":"https:\/\/mp-c.eu\/agence\/wp-content\/uploads\/2016\/04\/Philippe-Beranger-la-valserine-3.jpg","contentUrl":"https:\/\/mp-c.eu\/agence\/wp-content\/uploads\/2016\/04\/Philippe-Beranger-la-valserine-3.jpg","width":800,"height":534,"caption":"Lieu-dit la rivi\u00e8re"},{"@type":"BreadcrumbList","@id":"https:\/\/mp-c.eu\/agence\/le-comite-de-labellisation-operationnel\/#breadcrumb","itemListElement":[{"@type":"ListItem","position":1,"name":"Accueil","item":"https:\/\/mp-c.eu\/agence\/"},{"@type":"ListItem","position":2,"name":"LE \u00ab COMIT\u00c9 DE LABELLISATION \u00bb OP\u00c9RATIONNEL"}]},{"@type":"WebSite","@id":"https:\/\/mp-c.eu\/agence\/#website","url":"https:\/\/mp-c.eu\/agence\/","name":"MPC","description":"Media Presse Communication - Marie-Pierre Medouga Ngikessi","publisher":{"@id":"https:\/\/mp-c.eu\/agence\/#organization"},"potentialAction":[{"@type":"SearchAction","target":{"@type":"EntryPoint","urlTemplate":"https:\/\/mp-c.eu\/agence\/?s={search_term_string}"},"query-input":{"@type":"PropertyValueSpecification","valueRequired":true,"valueName":"search_term_string"}}],"inLanguage":"fr-FR"},{"@type":"Organization","@id":"https:\/\/mp-c.eu\/agence\/#organization","name":"Media Presse & Communication","url":"https:\/\/mp-c.eu\/agence\/","logo":{"@type":"ImageObject","inLanguage":"fr-FR","@id":"https:\/\/mp-c.eu\/agence\/#\/schema\/logo\/image\/","url":"https:\/\/mp-c.eu\/agence\/wp-content\/uploads\/2024\/09\/logo-MPC-HD-1.jpg","contentUrl":"https:\/\/mp-c.eu\/agence\/wp-content\/uploads\/2024\/09\/logo-MPC-HD-1.jpg","width":680,"height":434,"caption":"Media Presse & Communication"},"image":{"@id":"https:\/\/mp-c.eu\/agence\/#\/schema\/logo\/image\/"},"sameAs":["https:\/\/www.facebook.com\/agenceMPC","https:\/\/x.com\/mapyntonga","https:\/\/www.linkedin.com\/in\/marie-pierre-medouga-ndjikessi-6b2a7645"]},{"@type":"Person","@id":"https:\/\/mp-c.eu\/agence\/#\/schema\/person\/344f85a775d8d4fd7648d2b329ab51e0","name":"MPCadm","image":{"@type":"ImageObject","inLanguage":"fr-FR","@id":"https:\/\/mp-c.eu\/agence\/#\/schema\/person\/image\/","url":"https:\/\/secure.gravatar.com\/avatar\/6c55f3109e0e2279c147d8bb3ab215e5?s=96&d=mm&r=g","contentUrl":"https:\/\/secure.gravatar.com\/avatar\/6c55f3109e0e2279c147d8bb3ab215e5?s=96&d=mm&r=g","caption":"MPCadm"},"url":"https:\/\/mp-c.eu\/agence\/author\/mpcadm\/"}]}},"_links":{"self":[{"href":"https:\/\/mp-c.eu\/agence\/wp-json\/wp\/v2\/posts\/1775","targetHints":{"allow":["GET"]}}],"collection":[{"href":"https:\/\/mp-c.eu\/agence\/wp-json\/wp\/v2\/posts"}],"about":[{"href":"https:\/\/mp-c.eu\/agence\/wp-json\/wp\/v2\/types\/post"}],"author":[{"embeddable":true,"href":"https:\/\/mp-c.eu\/agence\/wp-json\/wp\/v2\/users\/1"}],"replies":[{"embeddable":true,"href":"https:\/\/mp-c.eu\/agence\/wp-json\/wp\/v2\/comments?post=1775"}],"version-history":[{"count":1,"href":"https:\/\/mp-c.eu\/agence\/wp-json\/wp\/v2\/posts\/1775\/revisions"}],"predecessor-version":[{"id":5970,"href":"https:\/\/mp-c.eu\/agence\/wp-json\/wp\/v2\/posts\/1775\/revisions\/5970"}],"wp:featuredmedia":[{"embeddable":true,"href":"https:\/\/mp-c.eu\/agence\/wp-json\/wp\/v2\/media\/1778"}],"wp:attachment":[{"href":"https:\/\/mp-c.eu\/agence\/wp-json\/wp\/v2\/media?parent=1775"}],"wp:term":[{"taxonomy":"category","embeddable":true,"href":"https:\/\/mp-c.eu\/agence\/wp-json\/wp\/v2\/categories?post=1775"},{"taxonomy":"post_tag","embeddable":true,"href":"https:\/\/mp-c.eu\/agence\/wp-json\/wp\/v2\/tags?post=1775"}],"curies":[{"name":"wp","href":"https:\/\/api.w.org\/{rel}","templated":true}]}}