{"id":1851,"date":"2016-04-18T19:42:01","date_gmt":"2016-04-18T18:42:01","guid":{"rendered":"http:\/\/mp-c.eu\/agence\/?p=1851"},"modified":"2024-12-09T01:01:05","modified_gmt":"2024-12-09T00:01:05","slug":"le-don-en-confiance-et-les-medias-avril-2016","status":"publish","type":"post","link":"https:\/\/mp-c.eu\/agence\/le-don-en-confiance-et-les-medias-avril-2016\/","title":{"rendered":"Le don en confiance dans les m\u00e9dias  &#8211; Quelques \u00e9l\u00e9ments relatifs au rapport d&rsquo;activit\u00e9 &#8211; avril 2016"},"content":{"rendered":"<p>Le rapport \u00a0annuel d&rsquo;activit\u00e9 du Don en confiance est sorti\u00a0: le <a href=\"http:\/\/clients.all-in-web.fr\/offres\/doc_inline_src\/759\/rapport%2Bannuel%2B2015.pub.pdf\" target=\"_blank\">voici\u00a0<\/a><\/p>\n<p>N&rsquo;h\u00e9sitez pas \u00e0 me contacter ici pour \u00a0le recevoir par voie postale \u00a0: <a href=\"http:\/\/mp-c.eu\/agence\/contact-marie-pierre-medouga\/\" target=\"_blank\">ici<\/a><\/p>\n<p>L&rsquo;occasion de lire ce qui \u00a0a \u00e9t\u00e9 r\u00e9alis\u00e9 en mati\u00e8re de \u00a0relations m\u00e9dias :<\/p>\n<p><a href=\"http:\/\/mp-c.eu\/agence\/wp-content\/uploads\/2016\/04\/retomb\u00e9es-medias-1.jpg\" target=\"_blank\">page 18<\/a><\/p>\n<p><a href=\"http:\/\/mp-c.eu\/agence\/wp-content\/uploads\/2016\/04\/retomb\u00e9es_2.jpg\" target=\"_blank\">Page 19<\/a><\/p>\n<p>&amp; <a href=\"http:\/\/mp-c.eu\/agence\/wp-content\/uploads\/2016\/04\/retombees-3.jpg\" target=\"_blank\">Page \u00a020<\/a><\/p>\n<p>135 articles et citations, 10 communiqu\u00e9s de presse, une note de presse qui ont permis d&rsquo;informer l&rsquo;ensemble des publics\u00a0du Don en confiance\u00a0dans la presse quotidienne \u00a0:\u00a020 minute, La Croix, Lib\u00e9ration, le Figaro Magazine, les news : la Tribune, valeurs actuelles, le nouvel \u00e9conomiste, l&rsquo;expansion, la presse r\u00e9gionale, la presse sp\u00e9cialis\u00e9e (Finances et gestion, Argent \u00a0&amp; patrimoine, la Revue fran\u00e7aise de comptabilit\u00e9, Agefi Actifs, tout sur mes finances), la presse f\u00e9minine (Biba) et des sollicitations importantes \u00a0: Le Monde, Cash investigation, compl\u00e9ment d&rsquo;enqu\u00eate \u00a0et BFM TV.<\/p>\n<p>En mati\u00e8re d&rsquo;audiovisuel, Europe 1, vivre FM, France Inter, France bleu ont \u00e9voqu\u00e9\u00a0du Don en confiance dans des interviews\u00a0ou\u00a0des \u00e9missions.<\/p>\n<p>&nbsp;<\/p>\n","protected":false},"excerpt":{"rendered":"<p>Le rapport \u00a0annuel d&rsquo;activit\u00e9 du Don en confiance est sorti\u00a0: le voici\u00a0 N&rsquo;h\u00e9sitez pas \u00e0 me contacter ici pour \u00a0le recevoir par voie postale \u00a0: ici L&rsquo;occasion de lire ce qui \u00a0a \u00e9t\u00e9 r\u00e9alis\u00e9 en mati\u00e8re de \u00a0relations m\u00e9dias : page 18 Page 19 &amp; Page \u00a020 135 articles et citations, 10 communiqu\u00e9s de presse, [&hellip;]<\/p>\n","protected":false},"author":1,"featured_media":0,"comment_status":"open","ping_status":"open","sticky":false,"template":"","format":"standard","meta":{"_acf_changed":false,"_et_pb_use_builder":"","_et_pb_old_content":"","_et_gb_content_width":"","_exactmetrics_skip_tracking":false,"_exactmetrics_sitenote_active":false,"_exactmetrics_sitenote_note":"","_exactmetrics_sitenote_category":0,"footnotes":""},"categories":[2166],"tags":[358,29,124,27,23,103,145],"class_list":["post-1851","post","type-post","status-publish","format-standard","hentry","category-vision-rp","tag-agence-de-relations-medias","tag-association","tag-communication","tag-confiance","tag-don","tag-label","tag-relations-publics"],"acf":[],"yoast_head":"<!-- This site is optimized with the Yoast SEO plugin v26.5 - https:\/\/yoast.com\/wordpress\/plugins\/seo\/ -->\n<title>Le don en confiance dans les m\u00e9dias - Quelques \u00e9l\u00e9ments relatifs au rapport d&#039;activit\u00e9 - avril 2016 - MPC<\/title>\n<meta name=\"robots\" content=\"index, follow, max-snippet:-1, max-image-preview:large, max-video-preview:-1\" \/>\n<link rel=\"canonical\" href=\"https:\/\/mp-c.eu\/agence\/le-don-en-confiance-et-les-medias-avril-2016\/\" \/>\n<meta property=\"og:locale\" content=\"fr_FR\" \/>\n<meta property=\"og:type\" content=\"article\" \/>\n<meta property=\"og:title\" content=\"Le don en confiance dans les m\u00e9dias - Quelques \u00e9l\u00e9ments relatifs au rapport d&#039;activit\u00e9 - avril 2016 - MPC\" \/>\n<meta property=\"og:description\" content=\"Le rapport \u00a0annuel d&rsquo;activit\u00e9 du Don en confiance est sorti\u00a0: le voici\u00a0 N&rsquo;h\u00e9sitez pas \u00e0 me contacter ici pour \u00a0le recevoir par voie postale \u00a0: ici L&rsquo;occasion de lire ce qui \u00a0a \u00e9t\u00e9 r\u00e9alis\u00e9 en mati\u00e8re de \u00a0relations m\u00e9dias : page 18 Page 19 &amp; Page \u00a020 135 articles et citations, 10 communiqu\u00e9s de presse, [&hellip;]\" \/>\n<meta property=\"og:url\" content=\"https:\/\/mp-c.eu\/agence\/le-don-en-confiance-et-les-medias-avril-2016\/\" \/>\n<meta property=\"og:site_name\" content=\"MPC\" \/>\n<meta property=\"article:publisher\" content=\"https:\/\/www.facebook.com\/agenceMPC\" \/>\n<meta property=\"article:published_time\" content=\"2016-04-18T18:42:01+00:00\" \/>\n<meta property=\"article:modified_time\" content=\"2024-12-09T00:01:05+00:00\" \/>\n<meta name=\"author\" content=\"MPCadm\" \/>\n<meta name=\"twitter:card\" content=\"summary_large_image\" \/>\n<meta name=\"twitter:creator\" content=\"@mapyntonga\" \/>\n<meta name=\"twitter:site\" content=\"@mapyntonga\" \/>\n<meta name=\"twitter:label1\" content=\"\u00c9crit par\" \/>\n\t<meta name=\"twitter:data1\" content=\"MPCadm\" \/>\n\t<meta name=\"twitter:label2\" content=\"Dur\u00e9e de lecture estim\u00e9e\" \/>\n\t<meta name=\"twitter:data2\" content=\"1 minute\" \/>\n<script type=\"application\/ld+json\" class=\"yoast-schema-graph\">{\"@context\":\"https:\/\/schema.org\",\"@graph\":[{\"@type\":\"Article\",\"@id\":\"https:\/\/mp-c.eu\/agence\/le-don-en-confiance-et-les-medias-avril-2016\/#article\",\"isPartOf\":{\"@id\":\"https:\/\/mp-c.eu\/agence\/le-don-en-confiance-et-les-medias-avril-2016\/\"},\"author\":{\"name\":\"MPCadm\",\"@id\":\"https:\/\/mp-c.eu\/agence\/#\/schema\/person\/344f85a775d8d4fd7648d2b329ab51e0\"},\"headline\":\"Le don en confiance dans les m\u00e9dias &#8211; Quelques \u00e9l\u00e9ments relatifs au rapport d&rsquo;activit\u00e9 &#8211; avril 2016\",\"datePublished\":\"2016-04-18T18:42:01+00:00\",\"dateModified\":\"2024-12-09T00:01:05+00:00\",\"mainEntityOfPage\":{\"@id\":\"https:\/\/mp-c.eu\/agence\/le-don-en-confiance-et-les-medias-avril-2016\/\"},\"wordCount\":178,\"commentCount\":0,\"publisher\":{\"@id\":\"https:\/\/mp-c.eu\/agence\/#organization\"},\"keywords\":[\"agence relations m\u00e9dias\",\"association\",\"communication\",\"confiance\",\"don\",\"Label\",\"relations publics\"],\"articleSection\":[\"Vision RP\"],\"inLanguage\":\"fr-FR\",\"potentialAction\":[{\"@type\":\"CommentAction\",\"name\":\"Comment\",\"target\":[\"https:\/\/mp-c.eu\/agence\/le-don-en-confiance-et-les-medias-avril-2016\/#respond\"]}]},{\"@type\":\"WebPage\",\"@id\":\"https:\/\/mp-c.eu\/agence\/le-don-en-confiance-et-les-medias-avril-2016\/\",\"url\":\"https:\/\/mp-c.eu\/agence\/le-don-en-confiance-et-les-medias-avril-2016\/\",\"name\":\"Le don en confiance dans les m\u00e9dias - Quelques \u00e9l\u00e9ments relatifs au rapport d'activit\u00e9 - avril 2016 - MPC\",\"isPartOf\":{\"@id\":\"https:\/\/mp-c.eu\/agence\/#website\"},\"datePublished\":\"2016-04-18T18:42:01+00:00\",\"dateModified\":\"2024-12-09T00:01:05+00:00\",\"breadcrumb\":{\"@id\":\"https:\/\/mp-c.eu\/agence\/le-don-en-confiance-et-les-medias-avril-2016\/#breadcrumb\"},\"inLanguage\":\"fr-FR\",\"potentialAction\":[{\"@type\":\"ReadAction\",\"target\":[\"https:\/\/mp-c.eu\/agence\/le-don-en-confiance-et-les-medias-avril-2016\/\"]}]},{\"@type\":\"BreadcrumbList\",\"@id\":\"https:\/\/mp-c.eu\/agence\/le-don-en-confiance-et-les-medias-avril-2016\/#breadcrumb\",\"itemListElement\":[{\"@type\":\"ListItem\",\"position\":1,\"name\":\"Accueil\",\"item\":\"https:\/\/mp-c.eu\/agence\/\"},{\"@type\":\"ListItem\",\"position\":2,\"name\":\"Le don en confiance dans les m\u00e9dias &#8211; Quelques \u00e9l\u00e9ments relatifs au rapport d&rsquo;activit\u00e9 &#8211; avril 2016\"}]},{\"@type\":\"WebSite\",\"@id\":\"https:\/\/mp-c.eu\/agence\/#website\",\"url\":\"https:\/\/mp-c.eu\/agence\/\",\"name\":\"MPC\",\"description\":\"Media Presse Communication - Marie-Pierre Medouga Ngikessi\",\"publisher\":{\"@id\":\"https:\/\/mp-c.eu\/agence\/#organization\"},\"potentialAction\":[{\"@type\":\"SearchAction\",\"target\":{\"@type\":\"EntryPoint\",\"urlTemplate\":\"https:\/\/mp-c.eu\/agence\/?s={search_term_string}\"},\"query-input\":{\"@type\":\"PropertyValueSpecification\",\"valueRequired\":true,\"valueName\":\"search_term_string\"}}],\"inLanguage\":\"fr-FR\"},{\"@type\":\"Organization\",\"@id\":\"https:\/\/mp-c.eu\/agence\/#organization\",\"name\":\"Media Presse & Communication\",\"url\":\"https:\/\/mp-c.eu\/agence\/\",\"logo\":{\"@type\":\"ImageObject\",\"inLanguage\":\"fr-FR\",\"@id\":\"https:\/\/mp-c.eu\/agence\/#\/schema\/logo\/image\/\",\"url\":\"https:\/\/mp-c.eu\/agence\/wp-content\/uploads\/2024\/09\/logo-MPC-HD-1.jpg\",\"contentUrl\":\"https:\/\/mp-c.eu\/agence\/wp-content\/uploads\/2024\/09\/logo-MPC-HD-1.jpg\",\"width\":680,\"height\":434,\"caption\":\"Media Presse & Communication\"},\"image\":{\"@id\":\"https:\/\/mp-c.eu\/agence\/#\/schema\/logo\/image\/\"},\"sameAs\":[\"https:\/\/www.facebook.com\/agenceMPC\",\"https:\/\/x.com\/mapyntonga\",\"https:\/\/www.linkedin.com\/in\/marie-pierre-medouga-ndjikessi-6b2a7645\"]},{\"@type\":\"Person\",\"@id\":\"https:\/\/mp-c.eu\/agence\/#\/schema\/person\/344f85a775d8d4fd7648d2b329ab51e0\",\"name\":\"MPCadm\",\"image\":{\"@type\":\"ImageObject\",\"inLanguage\":\"fr-FR\",\"@id\":\"https:\/\/mp-c.eu\/agence\/#\/schema\/person\/image\/\",\"url\":\"https:\/\/secure.gravatar.com\/avatar\/6c55f3109e0e2279c147d8bb3ab215e5?s=96&d=mm&r=g\",\"contentUrl\":\"https:\/\/secure.gravatar.com\/avatar\/6c55f3109e0e2279c147d8bb3ab215e5?s=96&d=mm&r=g\",\"caption\":\"MPCadm\"},\"url\":\"https:\/\/mp-c.eu\/agence\/author\/mpcadm\/\"}]}<\/script>\n<!-- \/ Yoast SEO plugin. -->","yoast_head_json":{"title":"Le don en confiance dans les m\u00e9dias - Quelques \u00e9l\u00e9ments relatifs au rapport d'activit\u00e9 - avril 2016 - MPC","robots":{"index":"index","follow":"follow","max-snippet":"max-snippet:-1","max-image-preview":"max-image-preview:large","max-video-preview":"max-video-preview:-1"},"canonical":"https:\/\/mp-c.eu\/agence\/le-don-en-confiance-et-les-medias-avril-2016\/","og_locale":"fr_FR","og_type":"article","og_title":"Le don en confiance dans les m\u00e9dias - Quelques \u00e9l\u00e9ments relatifs au rapport d'activit\u00e9 - avril 2016 - MPC","og_description":"Le rapport \u00a0annuel d&rsquo;activit\u00e9 du Don en confiance est sorti\u00a0: le voici\u00a0 N&rsquo;h\u00e9sitez pas \u00e0 me contacter ici pour \u00a0le recevoir par voie postale \u00a0: ici L&rsquo;occasion de lire ce qui \u00a0a \u00e9t\u00e9 r\u00e9alis\u00e9 en mati\u00e8re de \u00a0relations m\u00e9dias : page 18 Page 19 &amp; Page \u00a020 135 articles et citations, 10 communiqu\u00e9s de presse, [&hellip;]","og_url":"https:\/\/mp-c.eu\/agence\/le-don-en-confiance-et-les-medias-avril-2016\/","og_site_name":"MPC","article_publisher":"https:\/\/www.facebook.com\/agenceMPC","article_published_time":"2016-04-18T18:42:01+00:00","article_modified_time":"2024-12-09T00:01:05+00:00","author":"MPCadm","twitter_card":"summary_large_image","twitter_creator":"@mapyntonga","twitter_site":"@mapyntonga","twitter_misc":{"\u00c9crit par":"MPCadm","Dur\u00e9e de lecture estim\u00e9e":"1 minute"},"schema":{"@context":"https:\/\/schema.org","@graph":[{"@type":"Article","@id":"https:\/\/mp-c.eu\/agence\/le-don-en-confiance-et-les-medias-avril-2016\/#article","isPartOf":{"@id":"https:\/\/mp-c.eu\/agence\/le-don-en-confiance-et-les-medias-avril-2016\/"},"author":{"name":"MPCadm","@id":"https:\/\/mp-c.eu\/agence\/#\/schema\/person\/344f85a775d8d4fd7648d2b329ab51e0"},"headline":"Le don en confiance dans les m\u00e9dias &#8211; Quelques \u00e9l\u00e9ments relatifs au rapport d&rsquo;activit\u00e9 &#8211; avril 2016","datePublished":"2016-04-18T18:42:01+00:00","dateModified":"2024-12-09T00:01:05+00:00","mainEntityOfPage":{"@id":"https:\/\/mp-c.eu\/agence\/le-don-en-confiance-et-les-medias-avril-2016\/"},"wordCount":178,"commentCount":0,"publisher":{"@id":"https:\/\/mp-c.eu\/agence\/#organization"},"keywords":["agence relations m\u00e9dias","association","communication","confiance","don","Label","relations publics"],"articleSection":["Vision RP"],"inLanguage":"fr-FR","potentialAction":[{"@type":"CommentAction","name":"Comment","target":["https:\/\/mp-c.eu\/agence\/le-don-en-confiance-et-les-medias-avril-2016\/#respond"]}]},{"@type":"WebPage","@id":"https:\/\/mp-c.eu\/agence\/le-don-en-confiance-et-les-medias-avril-2016\/","url":"https:\/\/mp-c.eu\/agence\/le-don-en-confiance-et-les-medias-avril-2016\/","name":"Le don en confiance dans les m\u00e9dias - Quelques \u00e9l\u00e9ments relatifs au rapport d'activit\u00e9 - avril 2016 - MPC","isPartOf":{"@id":"https:\/\/mp-c.eu\/agence\/#website"},"datePublished":"2016-04-18T18:42:01+00:00","dateModified":"2024-12-09T00:01:05+00:00","breadcrumb":{"@id":"https:\/\/mp-c.eu\/agence\/le-don-en-confiance-et-les-medias-avril-2016\/#breadcrumb"},"inLanguage":"fr-FR","potentialAction":[{"@type":"ReadAction","target":["https:\/\/mp-c.eu\/agence\/le-don-en-confiance-et-les-medias-avril-2016\/"]}]},{"@type":"BreadcrumbList","@id":"https:\/\/mp-c.eu\/agence\/le-don-en-confiance-et-les-medias-avril-2016\/#breadcrumb","itemListElement":[{"@type":"ListItem","position":1,"name":"Accueil","item":"https:\/\/mp-c.eu\/agence\/"},{"@type":"ListItem","position":2,"name":"Le don en confiance dans les m\u00e9dias &#8211; Quelques \u00e9l\u00e9ments relatifs au rapport d&rsquo;activit\u00e9 &#8211; avril 2016"}]},{"@type":"WebSite","@id":"https:\/\/mp-c.eu\/agence\/#website","url":"https:\/\/mp-c.eu\/agence\/","name":"MPC","description":"Media Presse Communication - Marie-Pierre Medouga Ngikessi","publisher":{"@id":"https:\/\/mp-c.eu\/agence\/#organization"},"potentialAction":[{"@type":"SearchAction","target":{"@type":"EntryPoint","urlTemplate":"https:\/\/mp-c.eu\/agence\/?s={search_term_string}"},"query-input":{"@type":"PropertyValueSpecification","valueRequired":true,"valueName":"search_term_string"}}],"inLanguage":"fr-FR"},{"@type":"Organization","@id":"https:\/\/mp-c.eu\/agence\/#organization","name":"Media Presse & Communication","url":"https:\/\/mp-c.eu\/agence\/","logo":{"@type":"ImageObject","inLanguage":"fr-FR","@id":"https:\/\/mp-c.eu\/agence\/#\/schema\/logo\/image\/","url":"https:\/\/mp-c.eu\/agence\/wp-content\/uploads\/2024\/09\/logo-MPC-HD-1.jpg","contentUrl":"https:\/\/mp-c.eu\/agence\/wp-content\/uploads\/2024\/09\/logo-MPC-HD-1.jpg","width":680,"height":434,"caption":"Media Presse & Communication"},"image":{"@id":"https:\/\/mp-c.eu\/agence\/#\/schema\/logo\/image\/"},"sameAs":["https:\/\/www.facebook.com\/agenceMPC","https:\/\/x.com\/mapyntonga","https:\/\/www.linkedin.com\/in\/marie-pierre-medouga-ndjikessi-6b2a7645"]},{"@type":"Person","@id":"https:\/\/mp-c.eu\/agence\/#\/schema\/person\/344f85a775d8d4fd7648d2b329ab51e0","name":"MPCadm","image":{"@type":"ImageObject","inLanguage":"fr-FR","@id":"https:\/\/mp-c.eu\/agence\/#\/schema\/person\/image\/","url":"https:\/\/secure.gravatar.com\/avatar\/6c55f3109e0e2279c147d8bb3ab215e5?s=96&d=mm&r=g","contentUrl":"https:\/\/secure.gravatar.com\/avatar\/6c55f3109e0e2279c147d8bb3ab215e5?s=96&d=mm&r=g","caption":"MPCadm"},"url":"https:\/\/mp-c.eu\/agence\/author\/mpcadm\/"}]}},"_links":{"self":[{"href":"https:\/\/mp-c.eu\/agence\/wp-json\/wp\/v2\/posts\/1851","targetHints":{"allow":["GET"]}}],"collection":[{"href":"https:\/\/mp-c.eu\/agence\/wp-json\/wp\/v2\/posts"}],"about":[{"href":"https:\/\/mp-c.eu\/agence\/wp-json\/wp\/v2\/types\/post"}],"author":[{"embeddable":true,"href":"https:\/\/mp-c.eu\/agence\/wp-json\/wp\/v2\/users\/1"}],"replies":[{"embeddable":true,"href":"https:\/\/mp-c.eu\/agence\/wp-json\/wp\/v2\/comments?post=1851"}],"version-history":[{"count":1,"href":"https:\/\/mp-c.eu\/agence\/wp-json\/wp\/v2\/posts\/1851\/revisions"}],"predecessor-version":[{"id":5990,"href":"https:\/\/mp-c.eu\/agence\/wp-json\/wp\/v2\/posts\/1851\/revisions\/5990"}],"wp:attachment":[{"href":"https:\/\/mp-c.eu\/agence\/wp-json\/wp\/v2\/media?parent=1851"}],"wp:term":[{"taxonomy":"category","embeddable":true,"href":"https:\/\/mp-c.eu\/agence\/wp-json\/wp\/v2\/categories?post=1851"},{"taxonomy":"post_tag","embeddable":true,"href":"https:\/\/mp-c.eu\/agence\/wp-json\/wp\/v2\/tags?post=1851"}],"curies":[{"name":"wp","href":"https:\/\/api.w.org\/{rel}","templated":true}]}}