{"id":188,"date":"2015-12-08T15:28:26","date_gmt":"2015-12-08T14:28:26","guid":{"rendered":"http:\/\/mp-c.eu\/agence\/?p=188"},"modified":"2024-12-09T00:46:18","modified_gmt":"2024-12-08T23:46:18","slug":"eurosolidaire-la-plateforme-dechanges-solidaires-partenaire-du-telethon-2015","status":"publish","type":"post","link":"https:\/\/mp-c.eu\/agence\/eurosolidaire-la-plateforme-dechanges-solidaires-partenaire-du-telethon-2015\/","title":{"rendered":"Eurosolidaire, la plateforme d\u2019\u00e9changes solidaires, partenaire du T\u00e9l\u00e9thon 2015"},"content":{"rendered":"<div class=\"clair\"><i>Il n\u2019a jamais \u00e9t\u00e9 aussi facile de faire <a href=\"http:\/\/www.eurosolidaire.com\" target=\"_blank\">un don sur Eurosolidaire.<\/a> Depuis le 2 d\u00e9cembre, la plateforme Eurosolidaire, cr\u00e9\u00e9e par Fabrice de Boisrouvray, permet aux donateurs de soutenir l\u2019action du T\u00e9l\u00e9thon jusqu\u2019au 31 d\u00e9cembre 2015. Ces derniers peuvent le faire via la cagnotte solidaire par un don classique ou un microdon.<\/i><\/div>\n<p>Si les donateurs n&rsquo;ont pas pu participer au week-end du t\u00e9l\u00e9thon dans leur r\u00e9gion, leur g\u00e9n\u00e9rosit\u00e9 peut tout de m\u00eame s&rsquo;effectuer via la plateforme Eurosolidaire. En effet, jusqu&rsquo;au 31 d\u00e9cembre \u00e0 minuit, o\u00f9 qu&rsquo;ils soient, les donateurs peuvent soutenir le T\u00e9l\u00e9thon gr\u00e2ce au microdon. Cela ne leur prendra pas plus de 30 secondes et quelques clics. Chaque micro don a un montant d&rsquo;environ 0,01\u20ac et ne n\u00e9cessitant pas plus de 30 secondes de votre temps).<strong> L&rsquo;int\u00e9gralit\u00e9 du montant r\u00e9colt\u00e9 gr\u00e2ce aux dons et micros dons sera revers\u00e9e \u00e0 l&rsquo;AFM T\u00e9l\u00e9thon.<\/strong><\/p>\n<p>Pour lire le communiqu\u00e9 dans son int\u00e9gralit\u00e9 : <a class=\"liendoc\" href=\"http:\/\/mp-c.eu\/contenu\/documents\/1449591852-CP_Partenariat_Telethon2015_vf.pdf\"><img decoding=\"async\" title=\"fichier \u00e0 t\u00e9l\u00e9charger\" src=\"http:\/\/mp-c.eu\/img\/ext\/ext_pdf.png\" alt=\"fichier \u00e0 t\u00e9l\u00e9charger\" \/> cliquez ici pour ouvrir le document<\/a><\/p>\n","protected":false},"excerpt":{"rendered":"<p>Il n\u2019a jamais \u00e9t\u00e9 aussi facile de faire un don sur Eurosolidaire. Depuis le 2 d\u00e9cembre, la plateforme Eurosolidaire, cr\u00e9\u00e9e par Fabrice de Boisrouvray, permet aux donateurs de soutenir l\u2019action du T\u00e9l\u00e9thon jusqu\u2019au 31 d\u00e9cembre 2015. Ces derniers peuvent le faire via la cagnotte solidaire par un don classique ou un microdon. Si les donateurs [&hellip;]<\/p>\n","protected":false},"author":1,"featured_media":0,"comment_status":"open","ping_status":"open","sticky":false,"template":"","format":"standard","meta":{"_acf_changed":false,"_et_pb_use_builder":"","_et_pb_old_content":"","_et_gb_content_width":"","_exactmetrics_skip_tracking":false,"_exactmetrics_sitenote_active":false,"_exactmetrics_sitenote_note":"","_exactmetrics_sitenote_category":0,"footnotes":""},"categories":[36],"tags":[],"class_list":["post-188","post","type-post","status-publish","format-standard","hentry","category-presse"],"acf":[],"yoast_head":"<!-- This site is optimized with the Yoast SEO plugin v26.5 - https:\/\/yoast.com\/wordpress\/plugins\/seo\/ -->\n<title>Eurosolidaire, la plateforme d\u2019\u00e9changes solidaires, partenaire du T\u00e9l\u00e9thon 2015 - MPC<\/title>\n<meta name=\"robots\" content=\"index, follow, max-snippet:-1, max-image-preview:large, max-video-preview:-1\" \/>\n<link rel=\"canonical\" href=\"https:\/\/mp-c.eu\/agence\/eurosolidaire-la-plateforme-dechanges-solidaires-partenaire-du-telethon-2015\/\" \/>\n<meta property=\"og:locale\" content=\"fr_FR\" \/>\n<meta property=\"og:type\" content=\"article\" \/>\n<meta property=\"og:title\" content=\"Eurosolidaire, la plateforme d\u2019\u00e9changes solidaires, partenaire du T\u00e9l\u00e9thon 2015 - MPC\" \/>\n<meta property=\"og:description\" content=\"Il n\u2019a jamais \u00e9t\u00e9 aussi facile de faire un don sur Eurosolidaire. Depuis le 2 d\u00e9cembre, la plateforme Eurosolidaire, cr\u00e9\u00e9e par Fabrice de Boisrouvray, permet aux donateurs de soutenir l\u2019action du T\u00e9l\u00e9thon jusqu\u2019au 31 d\u00e9cembre 2015. Ces derniers peuvent le faire via la cagnotte solidaire par un don classique ou un microdon. Si les donateurs [&hellip;]\" \/>\n<meta property=\"og:url\" content=\"https:\/\/mp-c.eu\/agence\/eurosolidaire-la-plateforme-dechanges-solidaires-partenaire-du-telethon-2015\/\" \/>\n<meta property=\"og:site_name\" content=\"MPC\" \/>\n<meta property=\"article:publisher\" content=\"https:\/\/www.facebook.com\/agenceMPC\" \/>\n<meta property=\"article:published_time\" content=\"2015-12-08T14:28:26+00:00\" \/>\n<meta property=\"article:modified_time\" content=\"2024-12-08T23:46:18+00:00\" \/>\n<meta property=\"og:image\" content=\"http:\/\/mp-c.eu\/img\/ext\/ext_pdf.png\" \/>\n<meta name=\"author\" content=\"MPCadm\" \/>\n<meta name=\"twitter:card\" content=\"summary_large_image\" \/>\n<meta name=\"twitter:creator\" content=\"@mapyntonga\" \/>\n<meta name=\"twitter:site\" content=\"@mapyntonga\" \/>\n<meta name=\"twitter:label1\" content=\"\u00c9crit par\" \/>\n\t<meta name=\"twitter:data1\" content=\"MPCadm\" \/>\n\t<meta name=\"twitter:label2\" content=\"Dur\u00e9e de lecture estim\u00e9e\" \/>\n\t<meta name=\"twitter:data2\" content=\"1 minute\" \/>\n<script type=\"application\/ld+json\" class=\"yoast-schema-graph\">{\"@context\":\"https:\/\/schema.org\",\"@graph\":[{\"@type\":\"Article\",\"@id\":\"https:\/\/mp-c.eu\/agence\/eurosolidaire-la-plateforme-dechanges-solidaires-partenaire-du-telethon-2015\/#article\",\"isPartOf\":{\"@id\":\"https:\/\/mp-c.eu\/agence\/eurosolidaire-la-plateforme-dechanges-solidaires-partenaire-du-telethon-2015\/\"},\"author\":{\"name\":\"MPCadm\",\"@id\":\"https:\/\/mp-c.eu\/agence\/#\/schema\/person\/344f85a775d8d4fd7648d2b329ab51e0\"},\"headline\":\"Eurosolidaire, la plateforme d\u2019\u00e9changes solidaires, partenaire du T\u00e9l\u00e9thon 2015\",\"datePublished\":\"2015-12-08T14:28:26+00:00\",\"dateModified\":\"2024-12-08T23:46:18+00:00\",\"mainEntityOfPage\":{\"@id\":\"https:\/\/mp-c.eu\/agence\/eurosolidaire-la-plateforme-dechanges-solidaires-partenaire-du-telethon-2015\/\"},\"wordCount\":183,\"commentCount\":0,\"publisher\":{\"@id\":\"https:\/\/mp-c.eu\/agence\/#organization\"},\"image\":{\"@id\":\"https:\/\/mp-c.eu\/agence\/eurosolidaire-la-plateforme-dechanges-solidaires-partenaire-du-telethon-2015\/#primaryimage\"},\"thumbnailUrl\":\"http:\/\/mp-c.eu\/img\/ext\/ext_pdf.png\",\"articleSection\":[\"Presse\"],\"inLanguage\":\"fr-FR\",\"potentialAction\":[{\"@type\":\"CommentAction\",\"name\":\"Comment\",\"target\":[\"https:\/\/mp-c.eu\/agence\/eurosolidaire-la-plateforme-dechanges-solidaires-partenaire-du-telethon-2015\/#respond\"]}]},{\"@type\":\"WebPage\",\"@id\":\"https:\/\/mp-c.eu\/agence\/eurosolidaire-la-plateforme-dechanges-solidaires-partenaire-du-telethon-2015\/\",\"url\":\"https:\/\/mp-c.eu\/agence\/eurosolidaire-la-plateforme-dechanges-solidaires-partenaire-du-telethon-2015\/\",\"name\":\"Eurosolidaire, la plateforme d\u2019\u00e9changes solidaires, partenaire du T\u00e9l\u00e9thon 2015 - MPC\",\"isPartOf\":{\"@id\":\"https:\/\/mp-c.eu\/agence\/#website\"},\"primaryImageOfPage\":{\"@id\":\"https:\/\/mp-c.eu\/agence\/eurosolidaire-la-plateforme-dechanges-solidaires-partenaire-du-telethon-2015\/#primaryimage\"},\"image\":{\"@id\":\"https:\/\/mp-c.eu\/agence\/eurosolidaire-la-plateforme-dechanges-solidaires-partenaire-du-telethon-2015\/#primaryimage\"},\"thumbnailUrl\":\"http:\/\/mp-c.eu\/img\/ext\/ext_pdf.png\",\"datePublished\":\"2015-12-08T14:28:26+00:00\",\"dateModified\":\"2024-12-08T23:46:18+00:00\",\"breadcrumb\":{\"@id\":\"https:\/\/mp-c.eu\/agence\/eurosolidaire-la-plateforme-dechanges-solidaires-partenaire-du-telethon-2015\/#breadcrumb\"},\"inLanguage\":\"fr-FR\",\"potentialAction\":[{\"@type\":\"ReadAction\",\"target\":[\"https:\/\/mp-c.eu\/agence\/eurosolidaire-la-plateforme-dechanges-solidaires-partenaire-du-telethon-2015\/\"]}]},{\"@type\":\"ImageObject\",\"inLanguage\":\"fr-FR\",\"@id\":\"https:\/\/mp-c.eu\/agence\/eurosolidaire-la-plateforme-dechanges-solidaires-partenaire-du-telethon-2015\/#primaryimage\",\"url\":\"http:\/\/mp-c.eu\/img\/ext\/ext_pdf.png\",\"contentUrl\":\"http:\/\/mp-c.eu\/img\/ext\/ext_pdf.png\"},{\"@type\":\"BreadcrumbList\",\"@id\":\"https:\/\/mp-c.eu\/agence\/eurosolidaire-la-plateforme-dechanges-solidaires-partenaire-du-telethon-2015\/#breadcrumb\",\"itemListElement\":[{\"@type\":\"ListItem\",\"position\":1,\"name\":\"Accueil\",\"item\":\"https:\/\/mp-c.eu\/agence\/\"},{\"@type\":\"ListItem\",\"position\":2,\"name\":\"Eurosolidaire, la plateforme d\u2019\u00e9changes solidaires, partenaire du T\u00e9l\u00e9thon 2015\"}]},{\"@type\":\"WebSite\",\"@id\":\"https:\/\/mp-c.eu\/agence\/#website\",\"url\":\"https:\/\/mp-c.eu\/agence\/\",\"name\":\"MPC\",\"description\":\"Media Presse Communication - Marie-Pierre Medouga Ngikessi\",\"publisher\":{\"@id\":\"https:\/\/mp-c.eu\/agence\/#organization\"},\"potentialAction\":[{\"@type\":\"SearchAction\",\"target\":{\"@type\":\"EntryPoint\",\"urlTemplate\":\"https:\/\/mp-c.eu\/agence\/?s={search_term_string}\"},\"query-input\":{\"@type\":\"PropertyValueSpecification\",\"valueRequired\":true,\"valueName\":\"search_term_string\"}}],\"inLanguage\":\"fr-FR\"},{\"@type\":\"Organization\",\"@id\":\"https:\/\/mp-c.eu\/agence\/#organization\",\"name\":\"Media Presse & Communication\",\"url\":\"https:\/\/mp-c.eu\/agence\/\",\"logo\":{\"@type\":\"ImageObject\",\"inLanguage\":\"fr-FR\",\"@id\":\"https:\/\/mp-c.eu\/agence\/#\/schema\/logo\/image\/\",\"url\":\"https:\/\/mp-c.eu\/agence\/wp-content\/uploads\/2024\/09\/logo-MPC-HD-1.jpg\",\"contentUrl\":\"https:\/\/mp-c.eu\/agence\/wp-content\/uploads\/2024\/09\/logo-MPC-HD-1.jpg\",\"width\":680,\"height\":434,\"caption\":\"Media Presse & Communication\"},\"image\":{\"@id\":\"https:\/\/mp-c.eu\/agence\/#\/schema\/logo\/image\/\"},\"sameAs\":[\"https:\/\/www.facebook.com\/agenceMPC\",\"https:\/\/x.com\/mapyntonga\",\"https:\/\/www.linkedin.com\/in\/marie-pierre-medouga-ndjikessi-6b2a7645\"]},{\"@type\":\"Person\",\"@id\":\"https:\/\/mp-c.eu\/agence\/#\/schema\/person\/344f85a775d8d4fd7648d2b329ab51e0\",\"name\":\"MPCadm\",\"image\":{\"@type\":\"ImageObject\",\"inLanguage\":\"fr-FR\",\"@id\":\"https:\/\/mp-c.eu\/agence\/#\/schema\/person\/image\/\",\"url\":\"https:\/\/secure.gravatar.com\/avatar\/6c55f3109e0e2279c147d8bb3ab215e5?s=96&d=mm&r=g\",\"contentUrl\":\"https:\/\/secure.gravatar.com\/avatar\/6c55f3109e0e2279c147d8bb3ab215e5?s=96&d=mm&r=g\",\"caption\":\"MPCadm\"},\"url\":\"https:\/\/mp-c.eu\/agence\/author\/mpcadm\/\"}]}<\/script>\n<!-- \/ Yoast SEO plugin. -->","yoast_head_json":{"title":"Eurosolidaire, la plateforme d\u2019\u00e9changes solidaires, partenaire du T\u00e9l\u00e9thon 2015 - MPC","robots":{"index":"index","follow":"follow","max-snippet":"max-snippet:-1","max-image-preview":"max-image-preview:large","max-video-preview":"max-video-preview:-1"},"canonical":"https:\/\/mp-c.eu\/agence\/eurosolidaire-la-plateforme-dechanges-solidaires-partenaire-du-telethon-2015\/","og_locale":"fr_FR","og_type":"article","og_title":"Eurosolidaire, la plateforme d\u2019\u00e9changes solidaires, partenaire du T\u00e9l\u00e9thon 2015 - MPC","og_description":"Il n\u2019a jamais \u00e9t\u00e9 aussi facile de faire un don sur Eurosolidaire. Depuis le 2 d\u00e9cembre, la plateforme Eurosolidaire, cr\u00e9\u00e9e par Fabrice de Boisrouvray, permet aux donateurs de soutenir l\u2019action du T\u00e9l\u00e9thon jusqu\u2019au 31 d\u00e9cembre 2015. Ces derniers peuvent le faire via la cagnotte solidaire par un don classique ou un microdon. Si les donateurs [&hellip;]","og_url":"https:\/\/mp-c.eu\/agence\/eurosolidaire-la-plateforme-dechanges-solidaires-partenaire-du-telethon-2015\/","og_site_name":"MPC","article_publisher":"https:\/\/www.facebook.com\/agenceMPC","article_published_time":"2015-12-08T14:28:26+00:00","article_modified_time":"2024-12-08T23:46:18+00:00","og_image":[{"url":"http:\/\/mp-c.eu\/img\/ext\/ext_pdf.png","type":"","width":"","height":""}],"author":"MPCadm","twitter_card":"summary_large_image","twitter_creator":"@mapyntonga","twitter_site":"@mapyntonga","twitter_misc":{"\u00c9crit par":"MPCadm","Dur\u00e9e de lecture estim\u00e9e":"1 minute"},"schema":{"@context":"https:\/\/schema.org","@graph":[{"@type":"Article","@id":"https:\/\/mp-c.eu\/agence\/eurosolidaire-la-plateforme-dechanges-solidaires-partenaire-du-telethon-2015\/#article","isPartOf":{"@id":"https:\/\/mp-c.eu\/agence\/eurosolidaire-la-plateforme-dechanges-solidaires-partenaire-du-telethon-2015\/"},"author":{"name":"MPCadm","@id":"https:\/\/mp-c.eu\/agence\/#\/schema\/person\/344f85a775d8d4fd7648d2b329ab51e0"},"headline":"Eurosolidaire, la plateforme d\u2019\u00e9changes solidaires, partenaire du T\u00e9l\u00e9thon 2015","datePublished":"2015-12-08T14:28:26+00:00","dateModified":"2024-12-08T23:46:18+00:00","mainEntityOfPage":{"@id":"https:\/\/mp-c.eu\/agence\/eurosolidaire-la-plateforme-dechanges-solidaires-partenaire-du-telethon-2015\/"},"wordCount":183,"commentCount":0,"publisher":{"@id":"https:\/\/mp-c.eu\/agence\/#organization"},"image":{"@id":"https:\/\/mp-c.eu\/agence\/eurosolidaire-la-plateforme-dechanges-solidaires-partenaire-du-telethon-2015\/#primaryimage"},"thumbnailUrl":"http:\/\/mp-c.eu\/img\/ext\/ext_pdf.png","articleSection":["Presse"],"inLanguage":"fr-FR","potentialAction":[{"@type":"CommentAction","name":"Comment","target":["https:\/\/mp-c.eu\/agence\/eurosolidaire-la-plateforme-dechanges-solidaires-partenaire-du-telethon-2015\/#respond"]}]},{"@type":"WebPage","@id":"https:\/\/mp-c.eu\/agence\/eurosolidaire-la-plateforme-dechanges-solidaires-partenaire-du-telethon-2015\/","url":"https:\/\/mp-c.eu\/agence\/eurosolidaire-la-plateforme-dechanges-solidaires-partenaire-du-telethon-2015\/","name":"Eurosolidaire, la plateforme d\u2019\u00e9changes solidaires, partenaire du T\u00e9l\u00e9thon 2015 - MPC","isPartOf":{"@id":"https:\/\/mp-c.eu\/agence\/#website"},"primaryImageOfPage":{"@id":"https:\/\/mp-c.eu\/agence\/eurosolidaire-la-plateforme-dechanges-solidaires-partenaire-du-telethon-2015\/#primaryimage"},"image":{"@id":"https:\/\/mp-c.eu\/agence\/eurosolidaire-la-plateforme-dechanges-solidaires-partenaire-du-telethon-2015\/#primaryimage"},"thumbnailUrl":"http:\/\/mp-c.eu\/img\/ext\/ext_pdf.png","datePublished":"2015-12-08T14:28:26+00:00","dateModified":"2024-12-08T23:46:18+00:00","breadcrumb":{"@id":"https:\/\/mp-c.eu\/agence\/eurosolidaire-la-plateforme-dechanges-solidaires-partenaire-du-telethon-2015\/#breadcrumb"},"inLanguage":"fr-FR","potentialAction":[{"@type":"ReadAction","target":["https:\/\/mp-c.eu\/agence\/eurosolidaire-la-plateforme-dechanges-solidaires-partenaire-du-telethon-2015\/"]}]},{"@type":"ImageObject","inLanguage":"fr-FR","@id":"https:\/\/mp-c.eu\/agence\/eurosolidaire-la-plateforme-dechanges-solidaires-partenaire-du-telethon-2015\/#primaryimage","url":"http:\/\/mp-c.eu\/img\/ext\/ext_pdf.png","contentUrl":"http:\/\/mp-c.eu\/img\/ext\/ext_pdf.png"},{"@type":"BreadcrumbList","@id":"https:\/\/mp-c.eu\/agence\/eurosolidaire-la-plateforme-dechanges-solidaires-partenaire-du-telethon-2015\/#breadcrumb","itemListElement":[{"@type":"ListItem","position":1,"name":"Accueil","item":"https:\/\/mp-c.eu\/agence\/"},{"@type":"ListItem","position":2,"name":"Eurosolidaire, la plateforme d\u2019\u00e9changes solidaires, partenaire du T\u00e9l\u00e9thon 2015"}]},{"@type":"WebSite","@id":"https:\/\/mp-c.eu\/agence\/#website","url":"https:\/\/mp-c.eu\/agence\/","name":"MPC","description":"Media Presse Communication - Marie-Pierre Medouga Ngikessi","publisher":{"@id":"https:\/\/mp-c.eu\/agence\/#organization"},"potentialAction":[{"@type":"SearchAction","target":{"@type":"EntryPoint","urlTemplate":"https:\/\/mp-c.eu\/agence\/?s={search_term_string}"},"query-input":{"@type":"PropertyValueSpecification","valueRequired":true,"valueName":"search_term_string"}}],"inLanguage":"fr-FR"},{"@type":"Organization","@id":"https:\/\/mp-c.eu\/agence\/#organization","name":"Media Presse & Communication","url":"https:\/\/mp-c.eu\/agence\/","logo":{"@type":"ImageObject","inLanguage":"fr-FR","@id":"https:\/\/mp-c.eu\/agence\/#\/schema\/logo\/image\/","url":"https:\/\/mp-c.eu\/agence\/wp-content\/uploads\/2024\/09\/logo-MPC-HD-1.jpg","contentUrl":"https:\/\/mp-c.eu\/agence\/wp-content\/uploads\/2024\/09\/logo-MPC-HD-1.jpg","width":680,"height":434,"caption":"Media Presse & Communication"},"image":{"@id":"https:\/\/mp-c.eu\/agence\/#\/schema\/logo\/image\/"},"sameAs":["https:\/\/www.facebook.com\/agenceMPC","https:\/\/x.com\/mapyntonga","https:\/\/www.linkedin.com\/in\/marie-pierre-medouga-ndjikessi-6b2a7645"]},{"@type":"Person","@id":"https:\/\/mp-c.eu\/agence\/#\/schema\/person\/344f85a775d8d4fd7648d2b329ab51e0","name":"MPCadm","image":{"@type":"ImageObject","inLanguage":"fr-FR","@id":"https:\/\/mp-c.eu\/agence\/#\/schema\/person\/image\/","url":"https:\/\/secure.gravatar.com\/avatar\/6c55f3109e0e2279c147d8bb3ab215e5?s=96&d=mm&r=g","contentUrl":"https:\/\/secure.gravatar.com\/avatar\/6c55f3109e0e2279c147d8bb3ab215e5?s=96&d=mm&r=g","caption":"MPCadm"},"url":"https:\/\/mp-c.eu\/agence\/author\/mpcadm\/"}]}},"_links":{"self":[{"href":"https:\/\/mp-c.eu\/agence\/wp-json\/wp\/v2\/posts\/188","targetHints":{"allow":["GET"]}}],"collection":[{"href":"https:\/\/mp-c.eu\/agence\/wp-json\/wp\/v2\/posts"}],"about":[{"href":"https:\/\/mp-c.eu\/agence\/wp-json\/wp\/v2\/types\/post"}],"author":[{"embeddable":true,"href":"https:\/\/mp-c.eu\/agence\/wp-json\/wp\/v2\/users\/1"}],"replies":[{"embeddable":true,"href":"https:\/\/mp-c.eu\/agence\/wp-json\/wp\/v2\/comments?post=188"}],"version-history":[{"count":1,"href":"https:\/\/mp-c.eu\/agence\/wp-json\/wp\/v2\/posts\/188\/revisions"}],"predecessor-version":[{"id":5895,"href":"https:\/\/mp-c.eu\/agence\/wp-json\/wp\/v2\/posts\/188\/revisions\/5895"}],"wp:attachment":[{"href":"https:\/\/mp-c.eu\/agence\/wp-json\/wp\/v2\/media?parent=188"}],"wp:term":[{"taxonomy":"category","embeddable":true,"href":"https:\/\/mp-c.eu\/agence\/wp-json\/wp\/v2\/categories?post=188"},{"taxonomy":"post_tag","embeddable":true,"href":"https:\/\/mp-c.eu\/agence\/wp-json\/wp\/v2\/tags?post=188"}],"curies":[{"name":"wp","href":"https:\/\/api.w.org\/{rel}","templated":true}]}}