{"id":1899,"date":"2016-05-06T13:46:27","date_gmt":"2016-05-06T12:46:27","guid":{"rendered":"http:\/\/mp-c.eu\/agence\/?p=1899"},"modified":"2024-12-09T01:00:04","modified_gmt":"2024-12-09T00:00:04","slug":"labellisation-de-lartoise-le-11-juin-2016-en-foret-de-saint-michel-un-projet-transfrontalier-rivieres-sauvages-nature-peche","status":"publish","type":"post","link":"https:\/\/mp-c.eu\/agence\/labellisation-de-lartoise-le-11-juin-2016-en-foret-de-saint-michel-un-projet-transfrontalier-rivieres-sauvages-nature-peche\/","title":{"rendered":"Labellisation de L&rsquo;Artoise le 11 juin 2016 en For\u00eat de Saint Michel : un projet transfrontalier &#8211; #Rivieres sauvages #nature #p\u00eache"},"content":{"rendered":"<p><img loading=\"lazy\" decoding=\"async\" class=\"alignleft size-full wp-image-1900\" src=\"http:\/\/mp-c.eu\/agence\/wp-content\/uploads\/2016\/05\/logo_02.gif\" alt=\"logo_02\" width=\"150\" height=\"160\" \/><br \/>\nL&rsquo;agence Media Presse &amp; Communication a\u00a0la charge des relations m\u00e9dias de la c\u00e9r\u00e9monie de labellisation de l&rsquo;Artoise qui va rejoindre\u00a0le 11 juin prochain, le r\u00e9seau des rivi\u00e8res sauvages.<\/p>\n<p>Le Label \u00ab site rivi\u00e8res sauvages \u00bb a comme principal objectif d\u2019\u00eatre un outil au service des gestionnaires des milieux aquatiques d\u2019eau courante pour am\u00e9liorer la protection et la conservation des rivi\u00e8res qui pr\u00e9sentent un bon fonctionnement \u00e9cologique.<\/p>\n<p>Il int\u00e8gre les notions suivantes : qualit\u00e9 de l\u2019\u00e9tat de pr\u00e9servation de l\u2019\u00e9cosyst\u00e8me, reconnaissance et r\u00e9compense des acteurs sur les territoires pour la gestion exemplaire de la rivi\u00e8re, protection renforc\u00e9e, audel\u00e0 des objectifs r\u00e9glementaires issus de la DCE, volont\u00e9 collective, partag\u00e9e dans l\u2019action de pr\u00e9servation (gouvernance), valeur \u00e9conomique forte de la rivi\u00e8re (services \u00e9cosyst\u00e9miques, attrait du territoire), valorisation du territoire au sein d\u2019un r\u00e9seau. \uf0b4 Il doit donc servir \u00e0 d\u00e9velopper \u00e0 la fois une marque de reconnaissance aupr\u00e8s du public (qualit\u00e9 environnementale), une distinction pour les gestionnaires et une valorisation collective d\u2019un territoire d\u2019exception. \uf0b4 Sur le territoire de l\u2019Agence de l\u2019eau Seine-Normandie, une des rares rivi\u00e8res \u00e0 pouvoir \u00eatre labellis\u00e9e est l\u2019Artoise, situ\u00e9e au nord du d\u00e9partement de l\u2019Aisne. En 2015, la caract\u00e9risation de la valeur sauvage de l\u2019Artoise a \u00e9t\u00e9 effectu\u00e9e avec la grille d\u2019\u00e9valuation d\u00e9velopp\u00e9e par le Fonds pour la conservation des Rivi\u00e8res Sauvages (note de 86,75\/100 : l\u2019Artoise est labellisable niveau 2 sur 3). Fin 2015, le programme d\u2019actions quinquennal li\u00e9 \u00e0 la labellisation (gouvernance, conservation, restauration) et le rapprochement avec l\u2019association belge GoodPlanet Belgium pour une coordination avec les acteurs belges ont \u00e9t\u00e9 d\u00e9finis.<\/p>\n<p>Pour m\u00e9moire, ce r\u00e9seau comprend outre l\u2019Artoise (Aisne), la Dorches et la\u00a0\u00a0V\u00e9zeronce, la Valserine (l\u2019Ain), la Beaume et la Dropie (Ard\u00e8che), le Pic et la Giourne (Creuse), le Ch\u00e9ran (Savoie), le Fangu &amp; le Travu (Corse), le Leguer (Bretagne) et la grande Leyre (Landes).<\/p>\n<p>Voici la carte interactive du r\u00e9seau : \u00a0<a href=\"http:\/\/www.rivieres-sauvages.fr\/sites-candidats-et-potentiels\/\">ici<\/a><\/p>\n<p>Vous recevrez dans les semaines qui viennent des informations relatives au fond de conservation pour les rivi\u00e8res sauvages\u00a0: communiqu\u00e9 semaine du 11 mai, \u00a0note de presse semaine du 31 mai \u00a0dossier \u00a0de presse semaine du \u00a05 juin, bilan semaine du 18 juin.<br \/>\nJe serais sur place pour vos demande d&rsquo;interviews du 10 au 12 juin 2016<\/p>\n<p>Vous pouvez d\u00e9j\u00e0 visiter la salle de presse et d&rsquo;actus sur mon site :\u00a0<a href=\"http:\/\/http\/mp-c.eu\/agence\/a-propos\/l-agence-mpc\/references-clients-mpc\/rivieres-sauvages\/\">\u00a0<\/a><a href=\"http:\/\/http\/mp-c.eu\/agence\/a-propos\/l-agence-mpc\/references-clients-mpc\/rivieres-sauvages\/\">http:\/\/mp-c.eu\/agence\/a-propos\/l-agence-mpc\/references-clients-mpc\/rivieres-sauvages\/<\/a>.<\/p>\n<p><a href=\"http:\/\/mp-c.eu\/agence\/wp-content\/uploads\/2016\/05\/Savethedate-labellisation-de-l\u2019Artoise.pdf\">Lire le document<\/a> \u00a0: vous trouverez quelques pr\u00e9cisions sur la labellisation.<\/p>\n<p>Le projet est port\u00e9 par les territoires : La F\u00e9d\u00e9ration de p\u00eache de l&rsquo;Aisne, l&rsquo;agence de l&rsquo;eau Seine-Normandie, l&rsquo;Office national des for\u00eat et bien sur le Label Rivi\u00e8res sauvages.<\/p>\n<p><img loading=\"lazy\" decoding=\"async\" class=\"alignleft size-large wp-image-1901\" src=\"http:\/\/mp-c.eu\/agence\/wp-content\/uploads\/2016\/05\/artoise-riviere-500x334.jpg\" alt=\"artoise - riviere\" width=\"500\" height=\"334\" srcset=\"https:\/\/mp-c.eu\/agence\/wp-content\/uploads\/2016\/05\/artoise-riviere-500x334.jpg 500w, https:\/\/mp-c.eu\/agence\/wp-content\/uploads\/2016\/05\/artoise-riviere-300x201.jpg 300w, https:\/\/mp-c.eu\/agence\/wp-content\/uploads\/2016\/05\/artoise-riviere-200x134.jpg 200w, https:\/\/mp-c.eu\/agence\/wp-content\/uploads\/2016\/05\/artoise-riviere-400x268.jpg 400w, https:\/\/mp-c.eu\/agence\/wp-content\/uploads\/2016\/05\/artoise-riviere-600x401.jpg 600w, https:\/\/mp-c.eu\/agence\/wp-content\/uploads\/2016\/05\/artoise-riviere.jpg 800w\" sizes=\"(max-width: 500px) 100vw, 500px\" \/><\/p>\n<p>&nbsp;<\/p>\n<p>&nbsp;<\/p>\n","protected":false},"excerpt":{"rendered":"<p>L&rsquo;agence Media Presse &amp; Communication a\u00a0la charge des relations m\u00e9dias de la c\u00e9r\u00e9monie de labellisation de l&rsquo;Artoise qui va rejoindre\u00a0le 11 juin prochain, le r\u00e9seau des rivi\u00e8res sauvages. Le Label \u00ab site rivi\u00e8res sauvages \u00bb a comme principal objectif d\u2019\u00eatre un outil au service des gestionnaires des milieux aquatiques d\u2019eau courante pour am\u00e9liorer la protection [&hellip;]<\/p>\n","protected":false},"author":1,"featured_media":1902,"comment_status":"open","ping_status":"open","sticky":false,"template":"","format":"standard","meta":{"_acf_changed":false,"_et_pb_use_builder":"","_et_pb_old_content":"","_et_gb_content_width":"","_exactmetrics_skip_tracking":false,"_exactmetrics_sitenote_active":false,"_exactmetrics_sitenote_note":"","_exactmetrics_sitenote_category":0,"footnotes":""},"categories":[36],"tags":[199,490,358,29,489,200,103,488,487,139,265],"class_list":["post-1899","post","type-post","status-publish","format-standard","has-post-thumbnail","hentry","category-presse","tag-ecologie","tag-evenement","tag-agence-de-relations-medias","tag-association","tag-ceremonie","tag-environnement","tag-label","tag-labellisation","tag-peche","tag-patrimoine","tag-rivieres-sauvages"],"acf":[],"yoast_head":"<!-- This site is optimized with the Yoast SEO plugin v26.5 - https:\/\/yoast.com\/wordpress\/plugins\/seo\/ -->\n<title>Labellisation de L&#039;Artoise le 11 juin 2016 en For\u00eat de Saint Michel : un projet transfrontalier - #Rivieres sauvages #nature #p\u00eache - MPC<\/title>\n<meta name=\"robots\" content=\"index, follow, max-snippet:-1, max-image-preview:large, max-video-preview:-1\" \/>\n<link rel=\"canonical\" href=\"https:\/\/mp-c.eu\/agence\/labellisation-de-lartoise-le-11-juin-2016-en-foret-de-saint-michel-un-projet-transfrontalier-rivieres-sauvages-nature-peche\/\" \/>\n<meta property=\"og:locale\" content=\"fr_FR\" \/>\n<meta property=\"og:type\" content=\"article\" \/>\n<meta property=\"og:title\" content=\"Labellisation de L&#039;Artoise le 11 juin 2016 en For\u00eat de Saint Michel : un projet transfrontalier - #Rivieres sauvages #nature #p\u00eache - MPC\" \/>\n<meta property=\"og:description\" content=\"L&rsquo;agence Media Presse &amp; Communication a\u00a0la charge des relations m\u00e9dias de la c\u00e9r\u00e9monie de labellisation de l&rsquo;Artoise qui va rejoindre\u00a0le 11 juin prochain, le r\u00e9seau des rivi\u00e8res sauvages. Le Label \u00ab site rivi\u00e8res sauvages \u00bb a comme principal objectif d\u2019\u00eatre un outil au service des gestionnaires des milieux aquatiques d\u2019eau courante pour am\u00e9liorer la protection [&hellip;]\" \/>\n<meta property=\"og:url\" content=\"https:\/\/mp-c.eu\/agence\/labellisation-de-lartoise-le-11-juin-2016-en-foret-de-saint-michel-un-projet-transfrontalier-rivieres-sauvages-nature-peche\/\" \/>\n<meta property=\"og:site_name\" content=\"MPC\" \/>\n<meta property=\"article:publisher\" content=\"https:\/\/www.facebook.com\/agenceMPC\" \/>\n<meta property=\"article:published_time\" content=\"2016-05-06T12:46:27+00:00\" \/>\n<meta property=\"article:modified_time\" content=\"2024-12-09T00:00:04+00:00\" \/>\n<meta property=\"og:image\" content=\"https:\/\/mp-c.eu\/agence\/wp-content\/uploads\/2016\/05\/Artoise-7-500x333.jpg\" \/>\n\t<meta property=\"og:image:width\" content=\"500\" \/>\n\t<meta property=\"og:image:height\" content=\"333\" \/>\n\t<meta property=\"og:image:type\" content=\"image\/jpeg\" \/>\n<meta name=\"author\" content=\"MPCadm\" \/>\n<meta name=\"twitter:card\" content=\"summary_large_image\" \/>\n<meta name=\"twitter:creator\" content=\"@mapyntonga\" \/>\n<meta name=\"twitter:site\" content=\"@mapyntonga\" \/>\n<meta name=\"twitter:label1\" content=\"\u00c9crit par\" \/>\n\t<meta name=\"twitter:data1\" content=\"MPCadm\" \/>\n\t<meta name=\"twitter:label2\" content=\"Dur\u00e9e de lecture estim\u00e9e\" \/>\n\t<meta name=\"twitter:data2\" content=\"2 minutes\" \/>\n<script type=\"application\/ld+json\" class=\"yoast-schema-graph\">{\"@context\":\"https:\/\/schema.org\",\"@graph\":[{\"@type\":\"Article\",\"@id\":\"https:\/\/mp-c.eu\/agence\/labellisation-de-lartoise-le-11-juin-2016-en-foret-de-saint-michel-un-projet-transfrontalier-rivieres-sauvages-nature-peche\/#article\",\"isPartOf\":{\"@id\":\"https:\/\/mp-c.eu\/agence\/labellisation-de-lartoise-le-11-juin-2016-en-foret-de-saint-michel-un-projet-transfrontalier-rivieres-sauvages-nature-peche\/\"},\"author\":{\"name\":\"MPCadm\",\"@id\":\"https:\/\/mp-c.eu\/agence\/#\/schema\/person\/344f85a775d8d4fd7648d2b329ab51e0\"},\"headline\":\"Labellisation de L&rsquo;Artoise le 11 juin 2016 en For\u00eat de Saint Michel : un projet transfrontalier &#8211; #Rivieres sauvages #nature #p\u00eache\",\"datePublished\":\"2016-05-06T12:46:27+00:00\",\"dateModified\":\"2024-12-09T00:00:04+00:00\",\"mainEntityOfPage\":{\"@id\":\"https:\/\/mp-c.eu\/agence\/labellisation-de-lartoise-le-11-juin-2016-en-foret-de-saint-michel-un-projet-transfrontalier-rivieres-sauvages-nature-peche\/\"},\"wordCount\":490,\"commentCount\":0,\"publisher\":{\"@id\":\"https:\/\/mp-c.eu\/agence\/#organization\"},\"image\":{\"@id\":\"https:\/\/mp-c.eu\/agence\/labellisation-de-lartoise-le-11-juin-2016-en-foret-de-saint-michel-un-projet-transfrontalier-rivieres-sauvages-nature-peche\/#primaryimage\"},\"thumbnailUrl\":\"https:\/\/mp-c.eu\/agence\/wp-content\/uploads\/2016\/05\/Artoise-7.jpg\",\"keywords\":[\"\u00e9cologie\",\"\u00e9v\u00e8nement\",\"agence relations m\u00e9dias\",\"association\",\"c\u00e9r\u00e9monie\",\"environnement\",\"Label\",\"labellisation\",\"p\u00eache\",\"patrimoine\",\"rivi\u00e8res sauvages\"],\"articleSection\":[\"Presse\"],\"inLanguage\":\"fr-FR\",\"potentialAction\":[{\"@type\":\"CommentAction\",\"name\":\"Comment\",\"target\":[\"https:\/\/mp-c.eu\/agence\/labellisation-de-lartoise-le-11-juin-2016-en-foret-de-saint-michel-un-projet-transfrontalier-rivieres-sauvages-nature-peche\/#respond\"]}]},{\"@type\":\"WebPage\",\"@id\":\"https:\/\/mp-c.eu\/agence\/labellisation-de-lartoise-le-11-juin-2016-en-foret-de-saint-michel-un-projet-transfrontalier-rivieres-sauvages-nature-peche\/\",\"url\":\"https:\/\/mp-c.eu\/agence\/labellisation-de-lartoise-le-11-juin-2016-en-foret-de-saint-michel-un-projet-transfrontalier-rivieres-sauvages-nature-peche\/\",\"name\":\"Labellisation de L'Artoise le 11 juin 2016 en For\u00eat de Saint Michel : un projet transfrontalier - #Rivieres sauvages #nature #p\u00eache - MPC\",\"isPartOf\":{\"@id\":\"https:\/\/mp-c.eu\/agence\/#website\"},\"primaryImageOfPage\":{\"@id\":\"https:\/\/mp-c.eu\/agence\/labellisation-de-lartoise-le-11-juin-2016-en-foret-de-saint-michel-un-projet-transfrontalier-rivieres-sauvages-nature-peche\/#primaryimage\"},\"image\":{\"@id\":\"https:\/\/mp-c.eu\/agence\/labellisation-de-lartoise-le-11-juin-2016-en-foret-de-saint-michel-un-projet-transfrontalier-rivieres-sauvages-nature-peche\/#primaryimage\"},\"thumbnailUrl\":\"https:\/\/mp-c.eu\/agence\/wp-content\/uploads\/2016\/05\/Artoise-7.jpg\",\"datePublished\":\"2016-05-06T12:46:27+00:00\",\"dateModified\":\"2024-12-09T00:00:04+00:00\",\"breadcrumb\":{\"@id\":\"https:\/\/mp-c.eu\/agence\/labellisation-de-lartoise-le-11-juin-2016-en-foret-de-saint-michel-un-projet-transfrontalier-rivieres-sauvages-nature-peche\/#breadcrumb\"},\"inLanguage\":\"fr-FR\",\"potentialAction\":[{\"@type\":\"ReadAction\",\"target\":[\"https:\/\/mp-c.eu\/agence\/labellisation-de-lartoise-le-11-juin-2016-en-foret-de-saint-michel-un-projet-transfrontalier-rivieres-sauvages-nature-peche\/\"]}]},{\"@type\":\"ImageObject\",\"inLanguage\":\"fr-FR\",\"@id\":\"https:\/\/mp-c.eu\/agence\/labellisation-de-lartoise-le-11-juin-2016-en-foret-de-saint-michel-un-projet-transfrontalier-rivieres-sauvages-nature-peche\/#primaryimage\",\"url\":\"https:\/\/mp-c.eu\/agence\/wp-content\/uploads\/2016\/05\/Artoise-7.jpg\",\"contentUrl\":\"https:\/\/mp-c.eu\/agence\/wp-content\/uploads\/2016\/05\/Artoise-7.jpg\",\"width\":3456,\"height\":2304},{\"@type\":\"BreadcrumbList\",\"@id\":\"https:\/\/mp-c.eu\/agence\/labellisation-de-lartoise-le-11-juin-2016-en-foret-de-saint-michel-un-projet-transfrontalier-rivieres-sauvages-nature-peche\/#breadcrumb\",\"itemListElement\":[{\"@type\":\"ListItem\",\"position\":1,\"name\":\"Accueil\",\"item\":\"https:\/\/mp-c.eu\/agence\/\"},{\"@type\":\"ListItem\",\"position\":2,\"name\":\"Labellisation de L&rsquo;Artoise le 11 juin 2016 en For\u00eat de Saint Michel : un projet transfrontalier &#8211; #Rivieres sauvages #nature #p\u00eache\"}]},{\"@type\":\"WebSite\",\"@id\":\"https:\/\/mp-c.eu\/agence\/#website\",\"url\":\"https:\/\/mp-c.eu\/agence\/\",\"name\":\"MPC\",\"description\":\"Media Presse Communication - Marie-Pierre Medouga Ngikessi\",\"publisher\":{\"@id\":\"https:\/\/mp-c.eu\/agence\/#organization\"},\"potentialAction\":[{\"@type\":\"SearchAction\",\"target\":{\"@type\":\"EntryPoint\",\"urlTemplate\":\"https:\/\/mp-c.eu\/agence\/?s={search_term_string}\"},\"query-input\":{\"@type\":\"PropertyValueSpecification\",\"valueRequired\":true,\"valueName\":\"search_term_string\"}}],\"inLanguage\":\"fr-FR\"},{\"@type\":\"Organization\",\"@id\":\"https:\/\/mp-c.eu\/agence\/#organization\",\"name\":\"Media Presse & Communication\",\"url\":\"https:\/\/mp-c.eu\/agence\/\",\"logo\":{\"@type\":\"ImageObject\",\"inLanguage\":\"fr-FR\",\"@id\":\"https:\/\/mp-c.eu\/agence\/#\/schema\/logo\/image\/\",\"url\":\"https:\/\/mp-c.eu\/agence\/wp-content\/uploads\/2024\/09\/logo-MPC-HD-1.jpg\",\"contentUrl\":\"https:\/\/mp-c.eu\/agence\/wp-content\/uploads\/2024\/09\/logo-MPC-HD-1.jpg\",\"width\":680,\"height\":434,\"caption\":\"Media Presse & Communication\"},\"image\":{\"@id\":\"https:\/\/mp-c.eu\/agence\/#\/schema\/logo\/image\/\"},\"sameAs\":[\"https:\/\/www.facebook.com\/agenceMPC\",\"https:\/\/x.com\/mapyntonga\",\"https:\/\/www.linkedin.com\/in\/marie-pierre-medouga-ndjikessi-6b2a7645\"]},{\"@type\":\"Person\",\"@id\":\"https:\/\/mp-c.eu\/agence\/#\/schema\/person\/344f85a775d8d4fd7648d2b329ab51e0\",\"name\":\"MPCadm\",\"image\":{\"@type\":\"ImageObject\",\"inLanguage\":\"fr-FR\",\"@id\":\"https:\/\/mp-c.eu\/agence\/#\/schema\/person\/image\/\",\"url\":\"https:\/\/secure.gravatar.com\/avatar\/6c55f3109e0e2279c147d8bb3ab215e5?s=96&d=mm&r=g\",\"contentUrl\":\"https:\/\/secure.gravatar.com\/avatar\/6c55f3109e0e2279c147d8bb3ab215e5?s=96&d=mm&r=g\",\"caption\":\"MPCadm\"},\"url\":\"https:\/\/mp-c.eu\/agence\/author\/mpcadm\/\"}]}<\/script>\n<!-- \/ Yoast SEO plugin. -->","yoast_head_json":{"title":"Labellisation de L'Artoise le 11 juin 2016 en For\u00eat de Saint Michel : un projet transfrontalier - #Rivieres sauvages #nature #p\u00eache - MPC","robots":{"index":"index","follow":"follow","max-snippet":"max-snippet:-1","max-image-preview":"max-image-preview:large","max-video-preview":"max-video-preview:-1"},"canonical":"https:\/\/mp-c.eu\/agence\/labellisation-de-lartoise-le-11-juin-2016-en-foret-de-saint-michel-un-projet-transfrontalier-rivieres-sauvages-nature-peche\/","og_locale":"fr_FR","og_type":"article","og_title":"Labellisation de L'Artoise le 11 juin 2016 en For\u00eat de Saint Michel : un projet transfrontalier - #Rivieres sauvages #nature #p\u00eache - MPC","og_description":"L&rsquo;agence Media Presse &amp; Communication a\u00a0la charge des relations m\u00e9dias de la c\u00e9r\u00e9monie de labellisation de l&rsquo;Artoise qui va rejoindre\u00a0le 11 juin prochain, le r\u00e9seau des rivi\u00e8res sauvages. Le Label \u00ab site rivi\u00e8res sauvages \u00bb a comme principal objectif d\u2019\u00eatre un outil au service des gestionnaires des milieux aquatiques d\u2019eau courante pour am\u00e9liorer la protection [&hellip;]","og_url":"https:\/\/mp-c.eu\/agence\/labellisation-de-lartoise-le-11-juin-2016-en-foret-de-saint-michel-un-projet-transfrontalier-rivieres-sauvages-nature-peche\/","og_site_name":"MPC","article_publisher":"https:\/\/www.facebook.com\/agenceMPC","article_published_time":"2016-05-06T12:46:27+00:00","article_modified_time":"2024-12-09T00:00:04+00:00","og_image":[{"width":500,"height":333,"url":"https:\/\/mp-c.eu\/agence\/wp-content\/uploads\/2016\/05\/Artoise-7-500x333.jpg","type":"image\/jpeg"}],"author":"MPCadm","twitter_card":"summary_large_image","twitter_creator":"@mapyntonga","twitter_site":"@mapyntonga","twitter_misc":{"\u00c9crit par":"MPCadm","Dur\u00e9e de lecture estim\u00e9e":"2 minutes"},"schema":{"@context":"https:\/\/schema.org","@graph":[{"@type":"Article","@id":"https:\/\/mp-c.eu\/agence\/labellisation-de-lartoise-le-11-juin-2016-en-foret-de-saint-michel-un-projet-transfrontalier-rivieres-sauvages-nature-peche\/#article","isPartOf":{"@id":"https:\/\/mp-c.eu\/agence\/labellisation-de-lartoise-le-11-juin-2016-en-foret-de-saint-michel-un-projet-transfrontalier-rivieres-sauvages-nature-peche\/"},"author":{"name":"MPCadm","@id":"https:\/\/mp-c.eu\/agence\/#\/schema\/person\/344f85a775d8d4fd7648d2b329ab51e0"},"headline":"Labellisation de L&rsquo;Artoise le 11 juin 2016 en For\u00eat de Saint Michel : un projet transfrontalier &#8211; #Rivieres sauvages #nature #p\u00eache","datePublished":"2016-05-06T12:46:27+00:00","dateModified":"2024-12-09T00:00:04+00:00","mainEntityOfPage":{"@id":"https:\/\/mp-c.eu\/agence\/labellisation-de-lartoise-le-11-juin-2016-en-foret-de-saint-michel-un-projet-transfrontalier-rivieres-sauvages-nature-peche\/"},"wordCount":490,"commentCount":0,"publisher":{"@id":"https:\/\/mp-c.eu\/agence\/#organization"},"image":{"@id":"https:\/\/mp-c.eu\/agence\/labellisation-de-lartoise-le-11-juin-2016-en-foret-de-saint-michel-un-projet-transfrontalier-rivieres-sauvages-nature-peche\/#primaryimage"},"thumbnailUrl":"https:\/\/mp-c.eu\/agence\/wp-content\/uploads\/2016\/05\/Artoise-7.jpg","keywords":["\u00e9cologie","\u00e9v\u00e8nement","agence relations m\u00e9dias","association","c\u00e9r\u00e9monie","environnement","Label","labellisation","p\u00eache","patrimoine","rivi\u00e8res sauvages"],"articleSection":["Presse"],"inLanguage":"fr-FR","potentialAction":[{"@type":"CommentAction","name":"Comment","target":["https:\/\/mp-c.eu\/agence\/labellisation-de-lartoise-le-11-juin-2016-en-foret-de-saint-michel-un-projet-transfrontalier-rivieres-sauvages-nature-peche\/#respond"]}]},{"@type":"WebPage","@id":"https:\/\/mp-c.eu\/agence\/labellisation-de-lartoise-le-11-juin-2016-en-foret-de-saint-michel-un-projet-transfrontalier-rivieres-sauvages-nature-peche\/","url":"https:\/\/mp-c.eu\/agence\/labellisation-de-lartoise-le-11-juin-2016-en-foret-de-saint-michel-un-projet-transfrontalier-rivieres-sauvages-nature-peche\/","name":"Labellisation de L'Artoise le 11 juin 2016 en For\u00eat de Saint Michel : un projet transfrontalier - #Rivieres sauvages #nature #p\u00eache - MPC","isPartOf":{"@id":"https:\/\/mp-c.eu\/agence\/#website"},"primaryImageOfPage":{"@id":"https:\/\/mp-c.eu\/agence\/labellisation-de-lartoise-le-11-juin-2016-en-foret-de-saint-michel-un-projet-transfrontalier-rivieres-sauvages-nature-peche\/#primaryimage"},"image":{"@id":"https:\/\/mp-c.eu\/agence\/labellisation-de-lartoise-le-11-juin-2016-en-foret-de-saint-michel-un-projet-transfrontalier-rivieres-sauvages-nature-peche\/#primaryimage"},"thumbnailUrl":"https:\/\/mp-c.eu\/agence\/wp-content\/uploads\/2016\/05\/Artoise-7.jpg","datePublished":"2016-05-06T12:46:27+00:00","dateModified":"2024-12-09T00:00:04+00:00","breadcrumb":{"@id":"https:\/\/mp-c.eu\/agence\/labellisation-de-lartoise-le-11-juin-2016-en-foret-de-saint-michel-un-projet-transfrontalier-rivieres-sauvages-nature-peche\/#breadcrumb"},"inLanguage":"fr-FR","potentialAction":[{"@type":"ReadAction","target":["https:\/\/mp-c.eu\/agence\/labellisation-de-lartoise-le-11-juin-2016-en-foret-de-saint-michel-un-projet-transfrontalier-rivieres-sauvages-nature-peche\/"]}]},{"@type":"ImageObject","inLanguage":"fr-FR","@id":"https:\/\/mp-c.eu\/agence\/labellisation-de-lartoise-le-11-juin-2016-en-foret-de-saint-michel-un-projet-transfrontalier-rivieres-sauvages-nature-peche\/#primaryimage","url":"https:\/\/mp-c.eu\/agence\/wp-content\/uploads\/2016\/05\/Artoise-7.jpg","contentUrl":"https:\/\/mp-c.eu\/agence\/wp-content\/uploads\/2016\/05\/Artoise-7.jpg","width":3456,"height":2304},{"@type":"BreadcrumbList","@id":"https:\/\/mp-c.eu\/agence\/labellisation-de-lartoise-le-11-juin-2016-en-foret-de-saint-michel-un-projet-transfrontalier-rivieres-sauvages-nature-peche\/#breadcrumb","itemListElement":[{"@type":"ListItem","position":1,"name":"Accueil","item":"https:\/\/mp-c.eu\/agence\/"},{"@type":"ListItem","position":2,"name":"Labellisation de L&rsquo;Artoise le 11 juin 2016 en For\u00eat de Saint Michel : un projet transfrontalier &#8211; #Rivieres sauvages #nature #p\u00eache"}]},{"@type":"WebSite","@id":"https:\/\/mp-c.eu\/agence\/#website","url":"https:\/\/mp-c.eu\/agence\/","name":"MPC","description":"Media Presse Communication - Marie-Pierre Medouga Ngikessi","publisher":{"@id":"https:\/\/mp-c.eu\/agence\/#organization"},"potentialAction":[{"@type":"SearchAction","target":{"@type":"EntryPoint","urlTemplate":"https:\/\/mp-c.eu\/agence\/?s={search_term_string}"},"query-input":{"@type":"PropertyValueSpecification","valueRequired":true,"valueName":"search_term_string"}}],"inLanguage":"fr-FR"},{"@type":"Organization","@id":"https:\/\/mp-c.eu\/agence\/#organization","name":"Media Presse & Communication","url":"https:\/\/mp-c.eu\/agence\/","logo":{"@type":"ImageObject","inLanguage":"fr-FR","@id":"https:\/\/mp-c.eu\/agence\/#\/schema\/logo\/image\/","url":"https:\/\/mp-c.eu\/agence\/wp-content\/uploads\/2024\/09\/logo-MPC-HD-1.jpg","contentUrl":"https:\/\/mp-c.eu\/agence\/wp-content\/uploads\/2024\/09\/logo-MPC-HD-1.jpg","width":680,"height":434,"caption":"Media Presse & Communication"},"image":{"@id":"https:\/\/mp-c.eu\/agence\/#\/schema\/logo\/image\/"},"sameAs":["https:\/\/www.facebook.com\/agenceMPC","https:\/\/x.com\/mapyntonga","https:\/\/www.linkedin.com\/in\/marie-pierre-medouga-ndjikessi-6b2a7645"]},{"@type":"Person","@id":"https:\/\/mp-c.eu\/agence\/#\/schema\/person\/344f85a775d8d4fd7648d2b329ab51e0","name":"MPCadm","image":{"@type":"ImageObject","inLanguage":"fr-FR","@id":"https:\/\/mp-c.eu\/agence\/#\/schema\/person\/image\/","url":"https:\/\/secure.gravatar.com\/avatar\/6c55f3109e0e2279c147d8bb3ab215e5?s=96&d=mm&r=g","contentUrl":"https:\/\/secure.gravatar.com\/avatar\/6c55f3109e0e2279c147d8bb3ab215e5?s=96&d=mm&r=g","caption":"MPCadm"},"url":"https:\/\/mp-c.eu\/agence\/author\/mpcadm\/"}]}},"_links":{"self":[{"href":"https:\/\/mp-c.eu\/agence\/wp-json\/wp\/v2\/posts\/1899","targetHints":{"allow":["GET"]}}],"collection":[{"href":"https:\/\/mp-c.eu\/agence\/wp-json\/wp\/v2\/posts"}],"about":[{"href":"https:\/\/mp-c.eu\/agence\/wp-json\/wp\/v2\/types\/post"}],"author":[{"embeddable":true,"href":"https:\/\/mp-c.eu\/agence\/wp-json\/wp\/v2\/users\/1"}],"replies":[{"embeddable":true,"href":"https:\/\/mp-c.eu\/agence\/wp-json\/wp\/v2\/comments?post=1899"}],"version-history":[{"count":1,"href":"https:\/\/mp-c.eu\/agence\/wp-json\/wp\/v2\/posts\/1899\/revisions"}],"predecessor-version":[{"id":5986,"href":"https:\/\/mp-c.eu\/agence\/wp-json\/wp\/v2\/posts\/1899\/revisions\/5986"}],"wp:featuredmedia":[{"embeddable":true,"href":"https:\/\/mp-c.eu\/agence\/wp-json\/wp\/v2\/media\/1902"}],"wp:attachment":[{"href":"https:\/\/mp-c.eu\/agence\/wp-json\/wp\/v2\/media?parent=1899"}],"wp:term":[{"taxonomy":"category","embeddable":true,"href":"https:\/\/mp-c.eu\/agence\/wp-json\/wp\/v2\/categories?post=1899"},{"taxonomy":"post_tag","embeddable":true,"href":"https:\/\/mp-c.eu\/agence\/wp-json\/wp\/v2\/tags?post=1899"}],"curies":[{"name":"wp","href":"https:\/\/api.w.org\/{rel}","templated":true}]}}