{"id":1925,"date":"2016-05-28T15:20:49","date_gmt":"2016-05-28T14:20:49","guid":{"rendered":"http:\/\/mp-c.eu\/agence\/?p=1925"},"modified":"2024-12-09T01:02:50","modified_gmt":"2024-12-09T00:02:50","slug":"5eme-jour-greve-de-la-faim-face-aux-degats-du-clientelisme-un-combat-pour-les-beneficiaires-de-jwah","status":"publish","type":"post","link":"https:\/\/mp-c.eu\/agence\/5eme-jour-greve-de-la-faim-face-aux-degats-du-clientelisme-un-combat-pour-les-beneficiaires-de-jwah\/","title":{"rendered":"5\u00e8me jour : gr\u00e8ve de la faim face aux d\u00e9g\u00e2ts du client\u00e9lisme, un combat pour les b\u00e9n\u00e9ficiaires de Jwah"},"content":{"rendered":"<div id=\"js_zc\" class=\"_5pbx userContent\" data-ft=\"{&quot;tn&quot;:&quot;K&quot;}\">\n<div id=\"id_5749a7fd8f3d47572534409\" class=\"text_exposed_root text_exposed\">\n<p>Quand on est attach\u00e9e de presse et que ce n&rsquo;est pas qu&rsquo;un boulot alimentaire, on est proche de ses clients et de leurs causes. \u00a0Du moins en principe. C&rsquo;est le cas pour <a class=\"profileLink\" href=\"https:\/\/www.facebook.com\/Jwah.asso\/\" data-hovercard=\"\/ajax\/hovercard\/page.php?id=168634036508370\">Jwah Les agitateurs de Joie au service des enfants<\/a>. Depuis quelques mois, L&rsquo;association Jwah se bat pour faire entendre sa voix, parle des d\u00e9rives qui se passent dans le 19e, lutte contre les d\u00e9rives communautaires, les trafics en tous genre mais aussi pour permettre le m\u00eame droit pour tous et notamment le droit au logement et les droits humains.<br \/>\n<span class=\"text_exposed_show\">Une politique de la ville n&rsquo;est pas faite pour accentuer les in\u00e9galit\u00e9s ou autoriser des petites filles de deux ans \u00e0 porter le voile int\u00e9gral&#8230;<\/span><\/p>\n<p><span class=\"text_exposed_show\">Cela va vous para\u00eetre curieux car je ne suis pas r\u00e9put\u00e9e pour mon extr\u00eamisme laic&#8230; Mais les habitants du 19e ne peuvent pas \u00eatre laiss\u00e9s \u00e0 l&rsquo;abandon. <\/span><\/p>\n<p><span class=\"text_exposed_show\">O\u00fb s&rsquo;arr\u00eate le travail d&rsquo;une attach\u00e9e de presse\/relations m\u00e9dias, o\u00fb commence celui de la militante des droits humains ? Sans doute l\u00e0 &#8230; <\/span><\/p>\n<p><span class=\"text_exposed_show\">Je m&rsquo;inqui\u00e8te pour ma cliente qui continue d&rsquo;assurer sa mission mais qui va voir sa subvention diminuer de plus de 40 %. <\/span><\/p>\n<p><span class=\"text_exposed_show\">Je suis outr\u00e9e de voir que les droits humains sont bafou\u00e9s partout et que des guerres de religion sont finalement encourag\u00e9es dans un arrondissement qui pr\u00f4ne le vivre-ensemble.<br \/>\n<a class=\"profileLink\" href=\"https:\/\/www.facebook.com\/profile.php?id=742995749\" data-hovercard=\"\/ajax\/hovercard\/user.php?id=742995749\">Karen Van Hamme<\/a> en est \u00e0 son 5e\u00a0jour de gr\u00eave de la faim pour faire vivre une certaine id\u00e9e de la la\u00efcit\u00e9, du vivre ensemble, de la justice. <\/span><\/p>\n<p><span class=\"text_exposed_show\">Quand on lui dit, qu&rsquo;elle peut domicilier son association ailleurs, elle s&rsquo;insurge : \u00ab\u00a0que vont devenir certains habitants qui, avant l&rsquo;arriv\u00e9e de Jwah, ne quittaient plus leur domicile et qui ont eu le courage de reprendre une vie sociale ? \u00ab\u00a0Si vous voulez en savoir davantage, c&rsquo;est ici : \u00a0http:\/\/jwah.fr\/jardindejoie\/<\/span><\/p>\n<p>&nbsp;<\/p>\n<\/div>\n<div class=\"_5wpt\"><\/div>\n<\/div>\n<div class=\"_3x-2\">\n<div data-ft=\"{&quot;tn&quot;:&quot;H&quot;}\">\n<div class=\"mtm\">\n<div id=\"u_jsonp_29_b\" class=\"_6m2 _1zpr clearfix _dcs _4_w4 _6m4 _5cwb\" data-ft=\"{&quot;tn&quot;:&quot;H&quot;}\">\n<div class=\"clearfix _2r3x\">\n<div class=\"lfloat _ohe\">\u00a0<img loading=\"lazy\" decoding=\"async\" class=\"alignleft size-large wp-image-1614\" src=\"http:\/\/mp-c.eu\/agence\/wp-content\/uploads\/2016\/03\/Karen-Voitus-720x1024.jpg\" alt=\"Karen Voitus\" width=\"352\" height=\"500\" srcset=\"https:\/\/mp-c.eu\/agence\/wp-content\/uploads\/2016\/03\/Karen-Voitus-720x1024.jpg 720w, https:\/\/mp-c.eu\/agence\/wp-content\/uploads\/2016\/03\/Karen-Voitus-211x300.jpg 211w, https:\/\/mp-c.eu\/agence\/wp-content\/uploads\/2016\/03\/Karen-Voitus-768x1092.jpg 768w, https:\/\/mp-c.eu\/agence\/wp-content\/uploads\/2016\/03\/Karen-Voitus.jpg 1387w\" sizes=\"(max-width: 352px) 100vw, 352px\" \/><\/div>\n<div class=\"_42ef\">\n<div class=\"_3ekx _29_4\">\n<div class=\"_6m3\">\n<div class=\"mbs _6m6 _2cnj _5s6c\"><\/div>\n<\/div>\n<\/div>\n<\/div>\n<\/div>\n<\/div>\n<\/div>\n<\/div>\n<\/div>\n","protected":false},"excerpt":{"rendered":"<p>Quand on est attach\u00e9e de presse et que ce n&rsquo;est pas qu&rsquo;un boulot alimentaire, on est proche de ses clients et de leurs causes. \u00a0Du moins en principe. C&rsquo;est le cas pour Jwah Les agitateurs de Joie au service des enfants. Depuis quelques mois, L&rsquo;association Jwah se bat pour faire entendre sa voix, parle des [&hellip;]<\/p>\n","protected":false},"author":1,"featured_media":0,"comment_status":"open","ping_status":"open","sticky":false,"template":"","format":"standard","meta":{"_acf_changed":false,"_et_pb_use_builder":"","_et_pb_old_content":"","_et_gb_content_width":"","_exactmetrics_skip_tracking":false,"_exactmetrics_sitenote_active":false,"_exactmetrics_sitenote_note":"","_exactmetrics_sitenote_category":0,"footnotes":""},"categories":[36],"tags":[358,29,502,20,112,25,503,41,92],"class_list":["post-1925","post","type-post","status-publish","format-standard","hentry","category-presse","tag-agence-de-relations-medias","tag-association","tag-clientelisme","tag-enfants","tag-exclusion","tag-femmes","tag-fermeture","tag-humanisme","tag-journaliste"],"acf":[],"yoast_head":"<!-- This site is optimized with the Yoast SEO plugin v26.5 - https:\/\/yoast.com\/wordpress\/plugins\/seo\/ -->\n<title>5\u00e8me jour : gr\u00e8ve de la faim face aux d\u00e9g\u00e2ts du client\u00e9lisme, un combat pour les b\u00e9n\u00e9ficiaires de Jwah - MPC<\/title>\n<meta name=\"robots\" content=\"index, follow, max-snippet:-1, max-image-preview:large, max-video-preview:-1\" \/>\n<link rel=\"canonical\" href=\"https:\/\/mp-c.eu\/agence\/5eme-jour-greve-de-la-faim-face-aux-degats-du-clientelisme-un-combat-pour-les-beneficiaires-de-jwah\/\" \/>\n<meta property=\"og:locale\" content=\"fr_FR\" \/>\n<meta property=\"og:type\" content=\"article\" \/>\n<meta property=\"og:title\" content=\"5\u00e8me jour : gr\u00e8ve de la faim face aux d\u00e9g\u00e2ts du client\u00e9lisme, un combat pour les b\u00e9n\u00e9ficiaires de Jwah - MPC\" \/>\n<meta property=\"og:description\" content=\"Quand on est attach\u00e9e de presse et que ce n&rsquo;est pas qu&rsquo;un boulot alimentaire, on est proche de ses clients et de leurs causes. \u00a0Du moins en principe. C&rsquo;est le cas pour Jwah Les agitateurs de Joie au service des enfants. Depuis quelques mois, L&rsquo;association Jwah se bat pour faire entendre sa voix, parle des [&hellip;]\" \/>\n<meta property=\"og:url\" content=\"https:\/\/mp-c.eu\/agence\/5eme-jour-greve-de-la-faim-face-aux-degats-du-clientelisme-un-combat-pour-les-beneficiaires-de-jwah\/\" \/>\n<meta property=\"og:site_name\" content=\"MPC\" \/>\n<meta property=\"article:publisher\" content=\"https:\/\/www.facebook.com\/agenceMPC\" \/>\n<meta property=\"article:published_time\" content=\"2016-05-28T14:20:49+00:00\" \/>\n<meta property=\"article:modified_time\" content=\"2024-12-09T00:02:50+00:00\" \/>\n<meta property=\"og:image\" content=\"https:\/\/mp-c.eu\/agence\/wp-content\/uploads\/2016\/03\/Karen-Voitus.jpg\" \/>\n\t<meta property=\"og:image:width\" content=\"1387\" \/>\n\t<meta property=\"og:image:height\" content=\"1972\" \/>\n\t<meta property=\"og:image:type\" content=\"image\/jpeg\" \/>\n<meta name=\"author\" content=\"MPCadm\" \/>\n<meta name=\"twitter:card\" content=\"summary_large_image\" \/>\n<meta name=\"twitter:creator\" content=\"@mapyntonga\" \/>\n<meta name=\"twitter:site\" content=\"@mapyntonga\" \/>\n<meta name=\"twitter:label1\" content=\"\u00c9crit par\" \/>\n\t<meta name=\"twitter:data1\" content=\"MPCadm\" \/>\n\t<meta name=\"twitter:label2\" content=\"Dur\u00e9e de lecture estim\u00e9e\" \/>\n\t<meta name=\"twitter:data2\" content=\"2 minutes\" \/>\n<script type=\"application\/ld+json\" class=\"yoast-schema-graph\">{\"@context\":\"https:\/\/schema.org\",\"@graph\":[{\"@type\":\"Article\",\"@id\":\"https:\/\/mp-c.eu\/agence\/5eme-jour-greve-de-la-faim-face-aux-degats-du-clientelisme-un-combat-pour-les-beneficiaires-de-jwah\/#article\",\"isPartOf\":{\"@id\":\"https:\/\/mp-c.eu\/agence\/5eme-jour-greve-de-la-faim-face-aux-degats-du-clientelisme-un-combat-pour-les-beneficiaires-de-jwah\/\"},\"author\":{\"name\":\"MPCadm\",\"@id\":\"https:\/\/mp-c.eu\/agence\/#\/schema\/person\/344f85a775d8d4fd7648d2b329ab51e0\"},\"headline\":\"5\u00e8me jour : gr\u00e8ve de la faim face aux d\u00e9g\u00e2ts du client\u00e9lisme, un combat pour les b\u00e9n\u00e9ficiaires de Jwah\",\"datePublished\":\"2016-05-28T14:20:49+00:00\",\"dateModified\":\"2024-12-09T00:02:50+00:00\",\"mainEntityOfPage\":{\"@id\":\"https:\/\/mp-c.eu\/agence\/5eme-jour-greve-de-la-faim-face-aux-degats-du-clientelisme-un-combat-pour-les-beneficiaires-de-jwah\/\"},\"wordCount\":338,\"commentCount\":0,\"publisher\":{\"@id\":\"https:\/\/mp-c.eu\/agence\/#organization\"},\"image\":{\"@id\":\"https:\/\/mp-c.eu\/agence\/5eme-jour-greve-de-la-faim-face-aux-degats-du-clientelisme-un-combat-pour-les-beneficiaires-de-jwah\/#primaryimage\"},\"thumbnailUrl\":\"http:\/\/mp-c.eu\/agence\/wp-content\/uploads\/2016\/03\/Karen-Voitus-720x1024.jpg\",\"keywords\":[\"agence relations m\u00e9dias\",\"association\",\"client\u00e9lisme\",\"enfants\",\"exclusion\",\"femmes\",\"fermeture\",\"Humanisme\",\"journaliste\"],\"articleSection\":[\"Presse\"],\"inLanguage\":\"fr-FR\",\"potentialAction\":[{\"@type\":\"CommentAction\",\"name\":\"Comment\",\"target\":[\"https:\/\/mp-c.eu\/agence\/5eme-jour-greve-de-la-faim-face-aux-degats-du-clientelisme-un-combat-pour-les-beneficiaires-de-jwah\/#respond\"]}]},{\"@type\":\"WebPage\",\"@id\":\"https:\/\/mp-c.eu\/agence\/5eme-jour-greve-de-la-faim-face-aux-degats-du-clientelisme-un-combat-pour-les-beneficiaires-de-jwah\/\",\"url\":\"https:\/\/mp-c.eu\/agence\/5eme-jour-greve-de-la-faim-face-aux-degats-du-clientelisme-un-combat-pour-les-beneficiaires-de-jwah\/\",\"name\":\"5\u00e8me jour : gr\u00e8ve de la faim face aux d\u00e9g\u00e2ts du client\u00e9lisme, un combat pour les b\u00e9n\u00e9ficiaires de Jwah - MPC\",\"isPartOf\":{\"@id\":\"https:\/\/mp-c.eu\/agence\/#website\"},\"primaryImageOfPage\":{\"@id\":\"https:\/\/mp-c.eu\/agence\/5eme-jour-greve-de-la-faim-face-aux-degats-du-clientelisme-un-combat-pour-les-beneficiaires-de-jwah\/#primaryimage\"},\"image\":{\"@id\":\"https:\/\/mp-c.eu\/agence\/5eme-jour-greve-de-la-faim-face-aux-degats-du-clientelisme-un-combat-pour-les-beneficiaires-de-jwah\/#primaryimage\"},\"thumbnailUrl\":\"http:\/\/mp-c.eu\/agence\/wp-content\/uploads\/2016\/03\/Karen-Voitus-720x1024.jpg\",\"datePublished\":\"2016-05-28T14:20:49+00:00\",\"dateModified\":\"2024-12-09T00:02:50+00:00\",\"breadcrumb\":{\"@id\":\"https:\/\/mp-c.eu\/agence\/5eme-jour-greve-de-la-faim-face-aux-degats-du-clientelisme-un-combat-pour-les-beneficiaires-de-jwah\/#breadcrumb\"},\"inLanguage\":\"fr-FR\",\"potentialAction\":[{\"@type\":\"ReadAction\",\"target\":[\"https:\/\/mp-c.eu\/agence\/5eme-jour-greve-de-la-faim-face-aux-degats-du-clientelisme-un-combat-pour-les-beneficiaires-de-jwah\/\"]}]},{\"@type\":\"ImageObject\",\"inLanguage\":\"fr-FR\",\"@id\":\"https:\/\/mp-c.eu\/agence\/5eme-jour-greve-de-la-faim-face-aux-degats-du-clientelisme-un-combat-pour-les-beneficiaires-de-jwah\/#primaryimage\",\"url\":\"https:\/\/mp-c.eu\/agence\/wp-content\/uploads\/2016\/03\/Karen-Voitus.jpg\",\"contentUrl\":\"https:\/\/mp-c.eu\/agence\/wp-content\/uploads\/2016\/03\/Karen-Voitus.jpg\",\"width\":1387,\"height\":1972},{\"@type\":\"BreadcrumbList\",\"@id\":\"https:\/\/mp-c.eu\/agence\/5eme-jour-greve-de-la-faim-face-aux-degats-du-clientelisme-un-combat-pour-les-beneficiaires-de-jwah\/#breadcrumb\",\"itemListElement\":[{\"@type\":\"ListItem\",\"position\":1,\"name\":\"Accueil\",\"item\":\"https:\/\/mp-c.eu\/agence\/\"},{\"@type\":\"ListItem\",\"position\":2,\"name\":\"5\u00e8me jour : gr\u00e8ve de la faim face aux d\u00e9g\u00e2ts du client\u00e9lisme, un combat pour les b\u00e9n\u00e9ficiaires de Jwah\"}]},{\"@type\":\"WebSite\",\"@id\":\"https:\/\/mp-c.eu\/agence\/#website\",\"url\":\"https:\/\/mp-c.eu\/agence\/\",\"name\":\"MPC\",\"description\":\"Media Presse Communication - Marie-Pierre Medouga Ngikessi\",\"publisher\":{\"@id\":\"https:\/\/mp-c.eu\/agence\/#organization\"},\"potentialAction\":[{\"@type\":\"SearchAction\",\"target\":{\"@type\":\"EntryPoint\",\"urlTemplate\":\"https:\/\/mp-c.eu\/agence\/?s={search_term_string}\"},\"query-input\":{\"@type\":\"PropertyValueSpecification\",\"valueRequired\":true,\"valueName\":\"search_term_string\"}}],\"inLanguage\":\"fr-FR\"},{\"@type\":\"Organization\",\"@id\":\"https:\/\/mp-c.eu\/agence\/#organization\",\"name\":\"Media Presse & Communication\",\"url\":\"https:\/\/mp-c.eu\/agence\/\",\"logo\":{\"@type\":\"ImageObject\",\"inLanguage\":\"fr-FR\",\"@id\":\"https:\/\/mp-c.eu\/agence\/#\/schema\/logo\/image\/\",\"url\":\"https:\/\/mp-c.eu\/agence\/wp-content\/uploads\/2024\/09\/logo-MPC-HD-1.jpg\",\"contentUrl\":\"https:\/\/mp-c.eu\/agence\/wp-content\/uploads\/2024\/09\/logo-MPC-HD-1.jpg\",\"width\":680,\"height\":434,\"caption\":\"Media Presse & Communication\"},\"image\":{\"@id\":\"https:\/\/mp-c.eu\/agence\/#\/schema\/logo\/image\/\"},\"sameAs\":[\"https:\/\/www.facebook.com\/agenceMPC\",\"https:\/\/x.com\/mapyntonga\",\"https:\/\/www.linkedin.com\/in\/marie-pierre-medouga-ndjikessi-6b2a7645\"]},{\"@type\":\"Person\",\"@id\":\"https:\/\/mp-c.eu\/agence\/#\/schema\/person\/344f85a775d8d4fd7648d2b329ab51e0\",\"name\":\"MPCadm\",\"image\":{\"@type\":\"ImageObject\",\"inLanguage\":\"fr-FR\",\"@id\":\"https:\/\/mp-c.eu\/agence\/#\/schema\/person\/image\/\",\"url\":\"https:\/\/secure.gravatar.com\/avatar\/6c55f3109e0e2279c147d8bb3ab215e5?s=96&d=mm&r=g\",\"contentUrl\":\"https:\/\/secure.gravatar.com\/avatar\/6c55f3109e0e2279c147d8bb3ab215e5?s=96&d=mm&r=g\",\"caption\":\"MPCadm\"},\"url\":\"https:\/\/mp-c.eu\/agence\/author\/mpcadm\/\"}]}<\/script>\n<!-- \/ Yoast SEO plugin. -->","yoast_head_json":{"title":"5\u00e8me jour : gr\u00e8ve de la faim face aux d\u00e9g\u00e2ts du client\u00e9lisme, un combat pour les b\u00e9n\u00e9ficiaires de Jwah - MPC","robots":{"index":"index","follow":"follow","max-snippet":"max-snippet:-1","max-image-preview":"max-image-preview:large","max-video-preview":"max-video-preview:-1"},"canonical":"https:\/\/mp-c.eu\/agence\/5eme-jour-greve-de-la-faim-face-aux-degats-du-clientelisme-un-combat-pour-les-beneficiaires-de-jwah\/","og_locale":"fr_FR","og_type":"article","og_title":"5\u00e8me jour : gr\u00e8ve de la faim face aux d\u00e9g\u00e2ts du client\u00e9lisme, un combat pour les b\u00e9n\u00e9ficiaires de Jwah - MPC","og_description":"Quand on est attach\u00e9e de presse et que ce n&rsquo;est pas qu&rsquo;un boulot alimentaire, on est proche de ses clients et de leurs causes. \u00a0Du moins en principe. C&rsquo;est le cas pour Jwah Les agitateurs de Joie au service des enfants. Depuis quelques mois, L&rsquo;association Jwah se bat pour faire entendre sa voix, parle des [&hellip;]","og_url":"https:\/\/mp-c.eu\/agence\/5eme-jour-greve-de-la-faim-face-aux-degats-du-clientelisme-un-combat-pour-les-beneficiaires-de-jwah\/","og_site_name":"MPC","article_publisher":"https:\/\/www.facebook.com\/agenceMPC","article_published_time":"2016-05-28T14:20:49+00:00","article_modified_time":"2024-12-09T00:02:50+00:00","og_image":[{"width":1387,"height":1972,"url":"https:\/\/mp-c.eu\/agence\/wp-content\/uploads\/2016\/03\/Karen-Voitus.jpg","type":"image\/jpeg"}],"author":"MPCadm","twitter_card":"summary_large_image","twitter_creator":"@mapyntonga","twitter_site":"@mapyntonga","twitter_misc":{"\u00c9crit par":"MPCadm","Dur\u00e9e de lecture estim\u00e9e":"2 minutes"},"schema":{"@context":"https:\/\/schema.org","@graph":[{"@type":"Article","@id":"https:\/\/mp-c.eu\/agence\/5eme-jour-greve-de-la-faim-face-aux-degats-du-clientelisme-un-combat-pour-les-beneficiaires-de-jwah\/#article","isPartOf":{"@id":"https:\/\/mp-c.eu\/agence\/5eme-jour-greve-de-la-faim-face-aux-degats-du-clientelisme-un-combat-pour-les-beneficiaires-de-jwah\/"},"author":{"name":"MPCadm","@id":"https:\/\/mp-c.eu\/agence\/#\/schema\/person\/344f85a775d8d4fd7648d2b329ab51e0"},"headline":"5\u00e8me jour : gr\u00e8ve de la faim face aux d\u00e9g\u00e2ts du client\u00e9lisme, un combat pour les b\u00e9n\u00e9ficiaires de Jwah","datePublished":"2016-05-28T14:20:49+00:00","dateModified":"2024-12-09T00:02:50+00:00","mainEntityOfPage":{"@id":"https:\/\/mp-c.eu\/agence\/5eme-jour-greve-de-la-faim-face-aux-degats-du-clientelisme-un-combat-pour-les-beneficiaires-de-jwah\/"},"wordCount":338,"commentCount":0,"publisher":{"@id":"https:\/\/mp-c.eu\/agence\/#organization"},"image":{"@id":"https:\/\/mp-c.eu\/agence\/5eme-jour-greve-de-la-faim-face-aux-degats-du-clientelisme-un-combat-pour-les-beneficiaires-de-jwah\/#primaryimage"},"thumbnailUrl":"http:\/\/mp-c.eu\/agence\/wp-content\/uploads\/2016\/03\/Karen-Voitus-720x1024.jpg","keywords":["agence relations m\u00e9dias","association","client\u00e9lisme","enfants","exclusion","femmes","fermeture","Humanisme","journaliste"],"articleSection":["Presse"],"inLanguage":"fr-FR","potentialAction":[{"@type":"CommentAction","name":"Comment","target":["https:\/\/mp-c.eu\/agence\/5eme-jour-greve-de-la-faim-face-aux-degats-du-clientelisme-un-combat-pour-les-beneficiaires-de-jwah\/#respond"]}]},{"@type":"WebPage","@id":"https:\/\/mp-c.eu\/agence\/5eme-jour-greve-de-la-faim-face-aux-degats-du-clientelisme-un-combat-pour-les-beneficiaires-de-jwah\/","url":"https:\/\/mp-c.eu\/agence\/5eme-jour-greve-de-la-faim-face-aux-degats-du-clientelisme-un-combat-pour-les-beneficiaires-de-jwah\/","name":"5\u00e8me jour : gr\u00e8ve de la faim face aux d\u00e9g\u00e2ts du client\u00e9lisme, un combat pour les b\u00e9n\u00e9ficiaires de Jwah - MPC","isPartOf":{"@id":"https:\/\/mp-c.eu\/agence\/#website"},"primaryImageOfPage":{"@id":"https:\/\/mp-c.eu\/agence\/5eme-jour-greve-de-la-faim-face-aux-degats-du-clientelisme-un-combat-pour-les-beneficiaires-de-jwah\/#primaryimage"},"image":{"@id":"https:\/\/mp-c.eu\/agence\/5eme-jour-greve-de-la-faim-face-aux-degats-du-clientelisme-un-combat-pour-les-beneficiaires-de-jwah\/#primaryimage"},"thumbnailUrl":"http:\/\/mp-c.eu\/agence\/wp-content\/uploads\/2016\/03\/Karen-Voitus-720x1024.jpg","datePublished":"2016-05-28T14:20:49+00:00","dateModified":"2024-12-09T00:02:50+00:00","breadcrumb":{"@id":"https:\/\/mp-c.eu\/agence\/5eme-jour-greve-de-la-faim-face-aux-degats-du-clientelisme-un-combat-pour-les-beneficiaires-de-jwah\/#breadcrumb"},"inLanguage":"fr-FR","potentialAction":[{"@type":"ReadAction","target":["https:\/\/mp-c.eu\/agence\/5eme-jour-greve-de-la-faim-face-aux-degats-du-clientelisme-un-combat-pour-les-beneficiaires-de-jwah\/"]}]},{"@type":"ImageObject","inLanguage":"fr-FR","@id":"https:\/\/mp-c.eu\/agence\/5eme-jour-greve-de-la-faim-face-aux-degats-du-clientelisme-un-combat-pour-les-beneficiaires-de-jwah\/#primaryimage","url":"https:\/\/mp-c.eu\/agence\/wp-content\/uploads\/2016\/03\/Karen-Voitus.jpg","contentUrl":"https:\/\/mp-c.eu\/agence\/wp-content\/uploads\/2016\/03\/Karen-Voitus.jpg","width":1387,"height":1972},{"@type":"BreadcrumbList","@id":"https:\/\/mp-c.eu\/agence\/5eme-jour-greve-de-la-faim-face-aux-degats-du-clientelisme-un-combat-pour-les-beneficiaires-de-jwah\/#breadcrumb","itemListElement":[{"@type":"ListItem","position":1,"name":"Accueil","item":"https:\/\/mp-c.eu\/agence\/"},{"@type":"ListItem","position":2,"name":"5\u00e8me jour : gr\u00e8ve de la faim face aux d\u00e9g\u00e2ts du client\u00e9lisme, un combat pour les b\u00e9n\u00e9ficiaires de Jwah"}]},{"@type":"WebSite","@id":"https:\/\/mp-c.eu\/agence\/#website","url":"https:\/\/mp-c.eu\/agence\/","name":"MPC","description":"Media Presse Communication - Marie-Pierre Medouga Ngikessi","publisher":{"@id":"https:\/\/mp-c.eu\/agence\/#organization"},"potentialAction":[{"@type":"SearchAction","target":{"@type":"EntryPoint","urlTemplate":"https:\/\/mp-c.eu\/agence\/?s={search_term_string}"},"query-input":{"@type":"PropertyValueSpecification","valueRequired":true,"valueName":"search_term_string"}}],"inLanguage":"fr-FR"},{"@type":"Organization","@id":"https:\/\/mp-c.eu\/agence\/#organization","name":"Media Presse & Communication","url":"https:\/\/mp-c.eu\/agence\/","logo":{"@type":"ImageObject","inLanguage":"fr-FR","@id":"https:\/\/mp-c.eu\/agence\/#\/schema\/logo\/image\/","url":"https:\/\/mp-c.eu\/agence\/wp-content\/uploads\/2024\/09\/logo-MPC-HD-1.jpg","contentUrl":"https:\/\/mp-c.eu\/agence\/wp-content\/uploads\/2024\/09\/logo-MPC-HD-1.jpg","width":680,"height":434,"caption":"Media Presse & Communication"},"image":{"@id":"https:\/\/mp-c.eu\/agence\/#\/schema\/logo\/image\/"},"sameAs":["https:\/\/www.facebook.com\/agenceMPC","https:\/\/x.com\/mapyntonga","https:\/\/www.linkedin.com\/in\/marie-pierre-medouga-ndjikessi-6b2a7645"]},{"@type":"Person","@id":"https:\/\/mp-c.eu\/agence\/#\/schema\/person\/344f85a775d8d4fd7648d2b329ab51e0","name":"MPCadm","image":{"@type":"ImageObject","inLanguage":"fr-FR","@id":"https:\/\/mp-c.eu\/agence\/#\/schema\/person\/image\/","url":"https:\/\/secure.gravatar.com\/avatar\/6c55f3109e0e2279c147d8bb3ab215e5?s=96&d=mm&r=g","contentUrl":"https:\/\/secure.gravatar.com\/avatar\/6c55f3109e0e2279c147d8bb3ab215e5?s=96&d=mm&r=g","caption":"MPCadm"},"url":"https:\/\/mp-c.eu\/agence\/author\/mpcadm\/"}]}},"_links":{"self":[{"href":"https:\/\/mp-c.eu\/agence\/wp-json\/wp\/v2\/posts\/1925","targetHints":{"allow":["GET"]}}],"collection":[{"href":"https:\/\/mp-c.eu\/agence\/wp-json\/wp\/v2\/posts"}],"about":[{"href":"https:\/\/mp-c.eu\/agence\/wp-json\/wp\/v2\/types\/post"}],"author":[{"embeddable":true,"href":"https:\/\/mp-c.eu\/agence\/wp-json\/wp\/v2\/users\/1"}],"replies":[{"embeddable":true,"href":"https:\/\/mp-c.eu\/agence\/wp-json\/wp\/v2\/comments?post=1925"}],"version-history":[{"count":1,"href":"https:\/\/mp-c.eu\/agence\/wp-json\/wp\/v2\/posts\/1925\/revisions"}],"predecessor-version":[{"id":5995,"href":"https:\/\/mp-c.eu\/agence\/wp-json\/wp\/v2\/posts\/1925\/revisions\/5995"}],"wp:attachment":[{"href":"https:\/\/mp-c.eu\/agence\/wp-json\/wp\/v2\/media?parent=1925"}],"wp:term":[{"taxonomy":"category","embeddable":true,"href":"https:\/\/mp-c.eu\/agence\/wp-json\/wp\/v2\/categories?post=1925"},{"taxonomy":"post_tag","embeddable":true,"href":"https:\/\/mp-c.eu\/agence\/wp-json\/wp\/v2\/tags?post=1925"}],"curies":[{"name":"wp","href":"https:\/\/api.w.org\/{rel}","templated":true}]}}