{"id":2391,"date":"2017-01-11T17:38:19","date_gmt":"2017-01-11T16:38:19","guid":{"rendered":"http:\/\/mp-c.eu\/agence\/?p=2391"},"modified":"2024-12-09T01:11:27","modified_gmt":"2024-12-09T00:11:27","slug":"lagence-mp-et-c-25-ans-votre-service-voeux","status":"publish","type":"post","link":"https:\/\/mp-c.eu\/agence\/lagence-mp-et-c-25-ans-votre-service-voeux\/","title":{"rendered":"L&rsquo;agence MP &#038; C vous pr\u00e9sente ses meilleurs voeux"},"content":{"rendered":"<h3><\/h3>\n<p>Les v\u0153ux sont parfois un exercice d\u00e9licat surtout\u00a0s&rsquo;ils interviennent au cours d&rsquo;une ann\u00e9e un peu sp\u00e9ciale.<\/p>\n<p>Cette ann\u00e9e, je f\u00eate mes 25 ans officiels de m\u00e9tier. MPC a en effet vu le jour en f\u00e9vrier 1992. 25 ans !<\/p>\n<p>Autant vous dire que l&rsquo;agence,\u00a0qui a chang\u00e9 l\u00e9g\u00e8rement de d\u00e9nomination, de statuts, de si\u00e8ge social, en a vu passer des \u00e9volutions\u00a0!<\/p>\n<p>Des changements\u00a0d\u00e9j\u00e0 contenus dans l&rsquo;ADN de l&rsquo;agence MP &amp; C !<\/p>\n<p><strong>M<\/strong>\u00a0 comme m\u00e9dias car cela reste le c\u0153ur de notre\u00a0action : toucher les m\u00e9dias, quelle que soit leur forme et leur qualit\u00e9, nous travaillons avec les journalistes, les blogueurs, les ambassadeurs&#8230;<\/p>\n<p><strong>P<\/strong>\u00a0 comme presse parce qu&rsquo;en 1992, la presse \u00e9crite \u00e9tait encore toute puissante et quasi h\u00e9g\u00e9monique. Ce n&rsquo;est plus tout \u00e0 fait le cas aujourd&rsquo;hui encore que&#8230;.Force est \u00a0tout de m\u00eame de constater que les r\u00e9seaux sociaux ont fait une irruption massive !<\/p>\n<p><strong>C<\/strong>\u00a0comme communication parce que l&rsquo;une de mes premi\u00e8res fonctions \u00e9tait celle \u00a0de directrice de client\u00e8le d&rsquo;une agence globale de communication que j&rsquo;avais co-fond\u00e9e en 1986 (Studio Cube, puis R.Communication) .<\/p>\n<h3><strong>Des\u00a0relations presse \u00e0 Social M\u00e9dia Manager, un secteur en perp\u00e9tuelles mutations<\/strong><\/h3>\n<p>Je comptabilise des centaines de milliers d&rsquo;appels aux journalistes, des milliers de dossiers de presse, j&rsquo;ai h\u00e9las fortement contribu\u00e9 \u00e0 la d\u00e9gradation de la for\u00eat car ce n&rsquo;\u00e9tait pas toujours du papier recycl\u00e9. Aujourd&rsquo;hui les dossiers sont num\u00e9riques et multim\u00e9dia (quand le client les accepte) et enregistr\u00e9s sur des cl\u00e9s USB (recyclables) ou dans des espaces presse d\u00e9di\u00e9s et virtuels.<\/p>\n<p>Notre terrain de jeu aujourd&rsquo;hui, ce sont les RP 2.0. Notre m\u00e9tier a des contours encore tr\u00e8s flous et mouvants m\u00eame si la d\u00e9ontologie, elle ne l&rsquo;est pas ! Apr\u00e8s la diffusion d&rsquo;un communiqu\u00e9 et sa publication\u00a0dans un m\u00e9dia, notre travail ne s&rsquo;arr\u00eate pas l\u00e0! Il faut faire le service apr\u00e8s-vente de l&rsquo;article via les post, les tweets \u00a0entre autres activit\u00e9s.<\/p>\n<h3><strong>Du carnet d&rsquo;adresses \u00e0 la pr\u00e9conisation strat\u00e9gique<\/strong><\/h3>\n<p>J&rsquo;ai la faiblesse de croire que nous avons fait \u00e9voluer certaines pratiques et en tout cas, contribu\u00e9 \u00e0 changer la vision sur notre m\u00e9tier. \u00a0Nous avons su \u00e9pouser les transformations de\u00a0notre secteur. Tant sur le plan de la fonction que sur celui des outils \u00e0 notre disposition et les cr\u00e9er quand ils n&rsquo;existaient pas.<\/p>\n<p>Mes collaborateurs et moi-m\u00eame avons cess\u00e9 d&rsquo;user notre salive \u00e0 coller des timbres. Mais nous passons aujourd&rsquo;hui plus de temps\u00a0\u00e0 convaincre, souvent avec succ\u00e8s, les dirigeants des organisations de la justesse de notre vision strat\u00e9gique . Des dizaines de d\u00e9jeuners, petits d\u00e9jeuners, m\u00e9dia trainings, pr\u00e9conisations d&rsquo;\u00e9missions, formation des \u00e9quipes, Brain storming et Psychoportraits Symboliques \u00a0des CODIR (mon arme secr\u00e8te) ont fait la d\u00e9monstration que l&rsquo;attach\u00e9e de presse\u00a0ne fait pas que d\u00e9crocher son t\u00e9l\u00e9phone \u00a0ou alors pour v\u00e9rifier que l&rsquo;op\u00e9ration\u00a0de son client figure bien dans les trends (tendances) de Twitter.<\/p>\n<h3><strong>Les transformations des formes d&rsquo;activit\u00e9s<\/strong><\/h3>\n<p>Du statut lib\u00e9ral avec salari\u00e9s, \u00a0en passant par l&rsquo;auto entrepreneuriat pour finalement opter pour celui\u00a0de coop\u00e9rateur associ\u00e9 et salari\u00e9 disposant d&rsquo;un r\u00e9seau de plus\u00a0d&rsquo;une centaine de communicants, l&rsquo;agence M P &amp; C\u00a0exp\u00e9rimente les formes qui lui permettent d&rsquo;\u00eatre plus agile, plus efficiente et pour mieux r\u00e9pondre aux exigences des organisations clientes.<\/p>\n<h3><strong>L&rsquo;agence M P &amp; C : \u00eatre au c\u0153ur des d\u00e9bats qui agitent la soci\u00e9t\u00e9.<\/strong><\/h3>\n<p>Diversit\u00e9, parit\u00e9, pr\u00e9carit\u00e9, la\u00efcit\u00e9, emploi, ch\u00f4mage, g\u00e9n\u00e9rosit\u00e9, justice, environnement, politique, responsabilit\u00e9 soci\u00e9tale, m\u00e9c\u00e9nat, d\u00e9ontologie, \u00e9ducation, \u00e9thique autant de sujets qui\u00a0mobilisent l&rsquo;agence.<\/p>\n<p>25 ans, plus, tard, l&rsquo;agence M P &amp; C est encore l\u00e0 et je suis heureuse de vous proposer les services d&rsquo;une professionnelle engag\u00e9e \u00a0et de son r\u00e9seau qui ont\u00a0pour l&rsquo;int\u00e9r\u00eat g\u00e9n\u00e9ral une passion sans bornes.<\/p>\n<p>Tr\u00e8s belle ann\u00e9e 2017 \u00e0 tous!<\/p>\n<p><em>Marie-Pierre Medouga<\/em><\/p>\n<p>&nbsp;<\/p>\n<p>Un conseil, un avis, un commentaire, un devis de formation ou d&rsquo;atelier, une campagne \u00e0 lancer ? C&rsquo;est<a href=\"http:\/\/mp-c.eu\/agence\/contact-marie-pierre-medouga\/\" target=\"_blank\"> ici\u00a0<\/a><\/p>\n","protected":false},"excerpt":{"rendered":"<p>Les v\u0153ux sont parfois un exercice d\u00e9licat surtout\u00a0s&rsquo;ils interviennent au cours d&rsquo;une ann\u00e9e un peu sp\u00e9ciale. Cette ann\u00e9e, je f\u00eate mes 25 ans officiels de m\u00e9tier. MPC a en effet vu le jour en f\u00e9vrier 1992. 25 ans ! Autant vous dire que l&rsquo;agence,\u00a0qui a chang\u00e9 l\u00e9g\u00e8rement de d\u00e9nomination, de statuts, de si\u00e8ge social, en [&hellip;]<\/p>\n","protected":false},"author":1,"featured_media":2394,"comment_status":"open","ping_status":"open","sticky":false,"template":"","format":"standard","meta":{"_acf_changed":false,"_et_pb_use_builder":"","_et_pb_old_content":"","_et_gb_content_width":"","_exactmetrics_skip_tracking":false,"_exactmetrics_sitenote_active":false,"_exactmetrics_sitenote_note":"","_exactmetrics_sitenote_category":0,"footnotes":""},"categories":[2166],"tags":[199,97,358,29,658,146,124,231,723,21,660,200,333,581,608,722,474,724,208,143,145,725],"class_list":["post-2391","post","type-post","status-publish","format-standard","has-post-thumbnail","hentry","category-vision-rp","tag-ecologie","tag-ethique","tag-agence-de-relations-medias","tag-association","tag-chomage","tag-coaching","tag-communication","tag-deontologie","tag-diversite","tag-education","tag-emploi","tag-environnement","tag-formation","tag-generosite","tag-justice","tag-mecenat","tag-marie-pierre-medouga","tag-parite","tag-psychoportrait-symbolique","tag-relations-presse","tag-relations-publics","tag-rse"],"acf":[],"yoast_head":"<!-- This site is optimized with the Yoast SEO plugin v26.5 - https:\/\/yoast.com\/wordpress\/plugins\/seo\/ -->\n<title>L&#039;agence MP &amp; C vous pr\u00e9sente ses meilleurs voeux - MPC<\/title>\n<meta name=\"description\" content=\"1992- 1997, l&#039;agence M P &amp; C est heureuse de vous pr\u00e9senter ses meilleurs v\u0153ux pour 2017 et de proposer ses 25 ans d&#039;expertise aux organisations.\" \/>\n<meta name=\"robots\" content=\"index, follow, max-snippet:-1, max-image-preview:large, max-video-preview:-1\" \/>\n<link rel=\"canonical\" href=\"https:\/\/mp-c.eu\/agence\/lagence-mp-et-c-25-ans-votre-service-voeux\/\" \/>\n<meta property=\"og:locale\" content=\"fr_FR\" \/>\n<meta property=\"og:type\" content=\"article\" \/>\n<meta property=\"og:title\" content=\"L&#039;agence MP &amp; C vous pr\u00e9sente ses meilleurs voeux - MPC\" \/>\n<meta property=\"og:description\" content=\"1992- 1997, l&#039;agence M P &amp; C est heureuse de vous pr\u00e9senter ses meilleurs v\u0153ux pour 2017 et de proposer ses 25 ans d&#039;expertise aux organisations.\" \/>\n<meta property=\"og:url\" content=\"https:\/\/mp-c.eu\/agence\/lagence-mp-et-c-25-ans-votre-service-voeux\/\" \/>\n<meta property=\"og:site_name\" content=\"MPC\" \/>\n<meta property=\"article:publisher\" content=\"https:\/\/www.facebook.com\/agenceMPC\" \/>\n<meta property=\"article:published_time\" content=\"2017-01-11T16:38:19+00:00\" \/>\n<meta property=\"article:modified_time\" content=\"2024-12-09T00:11:27+00:00\" \/>\n<meta property=\"og:image\" content=\"https:\/\/mp-c.eu\/agence\/wp-content\/uploads\/2017\/01\/na_MPC_voeux_2017_HD-P.jpg\" \/>\n\t<meta property=\"og:image:width\" content=\"512\" \/>\n\t<meta property=\"og:image:height\" content=\"384\" \/>\n\t<meta property=\"og:image:type\" content=\"image\/jpeg\" \/>\n<meta name=\"author\" content=\"MPCadm\" \/>\n<meta name=\"twitter:card\" content=\"summary_large_image\" \/>\n<meta name=\"twitter:creator\" content=\"@mapyntonga\" \/>\n<meta name=\"twitter:site\" content=\"@mapyntonga\" \/>\n<meta name=\"twitter:label1\" content=\"\u00c9crit par\" \/>\n\t<meta name=\"twitter:data1\" content=\"MPCadm\" \/>\n\t<meta name=\"twitter:label2\" content=\"Dur\u00e9e de lecture estim\u00e9e\" \/>\n\t<meta name=\"twitter:data2\" content=\"3 minutes\" \/>\n<script type=\"application\/ld+json\" class=\"yoast-schema-graph\">{\"@context\":\"https:\/\/schema.org\",\"@graph\":[{\"@type\":\"Article\",\"@id\":\"https:\/\/mp-c.eu\/agence\/lagence-mp-et-c-25-ans-votre-service-voeux\/#article\",\"isPartOf\":{\"@id\":\"https:\/\/mp-c.eu\/agence\/lagence-mp-et-c-25-ans-votre-service-voeux\/\"},\"author\":{\"name\":\"MPCadm\",\"@id\":\"https:\/\/mp-c.eu\/agence\/#\/schema\/person\/344f85a775d8d4fd7648d2b329ab51e0\"},\"headline\":\"L&rsquo;agence MP &#038; C vous pr\u00e9sente ses meilleurs voeux\",\"datePublished\":\"2017-01-11T16:38:19+00:00\",\"dateModified\":\"2024-12-09T00:11:27+00:00\",\"mainEntityOfPage\":{\"@id\":\"https:\/\/mp-c.eu\/agence\/lagence-mp-et-c-25-ans-votre-service-voeux\/\"},\"wordCount\":705,\"commentCount\":0,\"publisher\":{\"@id\":\"https:\/\/mp-c.eu\/agence\/#organization\"},\"image\":{\"@id\":\"https:\/\/mp-c.eu\/agence\/lagence-mp-et-c-25-ans-votre-service-voeux\/#primaryimage\"},\"thumbnailUrl\":\"https:\/\/mp-c.eu\/agence\/wp-content\/uploads\/2017\/01\/na_MPC_voeux_2017_HD-P.jpg\",\"keywords\":[\"\u00e9cologie\",\"\u00e9thique\",\"agence relations m\u00e9dias\",\"association\",\"ch\u00f4mage\",\"coaching\",\"communication\",\"d\u00e9ontologie\",\"diversit\u00e9\",\"education\",\"emploi\",\"environnement\",\"formation\",\"g\u00e9n\u00e9rosit\u00e9\",\"justice\",\"m\u00e9c\u00e9nat\",\"Marie-Pierre Medouga\",\"parit\u00e9\",\"psychoportrait symbolique\",\"relations presse\",\"relations publics\",\"RSE\"],\"articleSection\":[\"Vision RP\"],\"inLanguage\":\"fr-FR\",\"potentialAction\":[{\"@type\":\"CommentAction\",\"name\":\"Comment\",\"target\":[\"https:\/\/mp-c.eu\/agence\/lagence-mp-et-c-25-ans-votre-service-voeux\/#respond\"]}]},{\"@type\":\"WebPage\",\"@id\":\"https:\/\/mp-c.eu\/agence\/lagence-mp-et-c-25-ans-votre-service-voeux\/\",\"url\":\"https:\/\/mp-c.eu\/agence\/lagence-mp-et-c-25-ans-votre-service-voeux\/\",\"name\":\"L'agence MP & C vous pr\u00e9sente ses meilleurs voeux - MPC\",\"isPartOf\":{\"@id\":\"https:\/\/mp-c.eu\/agence\/#website\"},\"primaryImageOfPage\":{\"@id\":\"https:\/\/mp-c.eu\/agence\/lagence-mp-et-c-25-ans-votre-service-voeux\/#primaryimage\"},\"image\":{\"@id\":\"https:\/\/mp-c.eu\/agence\/lagence-mp-et-c-25-ans-votre-service-voeux\/#primaryimage\"},\"thumbnailUrl\":\"https:\/\/mp-c.eu\/agence\/wp-content\/uploads\/2017\/01\/na_MPC_voeux_2017_HD-P.jpg\",\"datePublished\":\"2017-01-11T16:38:19+00:00\",\"dateModified\":\"2024-12-09T00:11:27+00:00\",\"description\":\"1992- 1997, l'agence M P & C est heureuse de vous pr\u00e9senter ses meilleurs v\u0153ux pour 2017 et de proposer ses 25 ans d'expertise aux organisations.\",\"breadcrumb\":{\"@id\":\"https:\/\/mp-c.eu\/agence\/lagence-mp-et-c-25-ans-votre-service-voeux\/#breadcrumb\"},\"inLanguage\":\"fr-FR\",\"potentialAction\":[{\"@type\":\"ReadAction\",\"target\":[\"https:\/\/mp-c.eu\/agence\/lagence-mp-et-c-25-ans-votre-service-voeux\/\"]}]},{\"@type\":\"ImageObject\",\"inLanguage\":\"fr-FR\",\"@id\":\"https:\/\/mp-c.eu\/agence\/lagence-mp-et-c-25-ans-votre-service-voeux\/#primaryimage\",\"url\":\"https:\/\/mp-c.eu\/agence\/wp-content\/uploads\/2017\/01\/na_MPC_voeux_2017_HD-P.jpg\",\"contentUrl\":\"https:\/\/mp-c.eu\/agence\/wp-content\/uploads\/2017\/01\/na_MPC_voeux_2017_HD-P.jpg\",\"width\":512,\"height\":384,\"caption\":\"voeux2017 de l'agence MPC\"},{\"@type\":\"BreadcrumbList\",\"@id\":\"https:\/\/mp-c.eu\/agence\/lagence-mp-et-c-25-ans-votre-service-voeux\/#breadcrumb\",\"itemListElement\":[{\"@type\":\"ListItem\",\"position\":1,\"name\":\"Accueil\",\"item\":\"https:\/\/mp-c.eu\/agence\/\"},{\"@type\":\"ListItem\",\"position\":2,\"name\":\"L&rsquo;agence MP &#038; C vous pr\u00e9sente ses meilleurs voeux\"}]},{\"@type\":\"WebSite\",\"@id\":\"https:\/\/mp-c.eu\/agence\/#website\",\"url\":\"https:\/\/mp-c.eu\/agence\/\",\"name\":\"MPC\",\"description\":\"Media Presse Communication - Marie-Pierre Medouga Ngikessi\",\"publisher\":{\"@id\":\"https:\/\/mp-c.eu\/agence\/#organization\"},\"potentialAction\":[{\"@type\":\"SearchAction\",\"target\":{\"@type\":\"EntryPoint\",\"urlTemplate\":\"https:\/\/mp-c.eu\/agence\/?s={search_term_string}\"},\"query-input\":{\"@type\":\"PropertyValueSpecification\",\"valueRequired\":true,\"valueName\":\"search_term_string\"}}],\"inLanguage\":\"fr-FR\"},{\"@type\":\"Organization\",\"@id\":\"https:\/\/mp-c.eu\/agence\/#organization\",\"name\":\"Media Presse & Communication\",\"url\":\"https:\/\/mp-c.eu\/agence\/\",\"logo\":{\"@type\":\"ImageObject\",\"inLanguage\":\"fr-FR\",\"@id\":\"https:\/\/mp-c.eu\/agence\/#\/schema\/logo\/image\/\",\"url\":\"https:\/\/mp-c.eu\/agence\/wp-content\/uploads\/2024\/09\/logo-MPC-HD-1.jpg\",\"contentUrl\":\"https:\/\/mp-c.eu\/agence\/wp-content\/uploads\/2024\/09\/logo-MPC-HD-1.jpg\",\"width\":680,\"height\":434,\"caption\":\"Media Presse & Communication\"},\"image\":{\"@id\":\"https:\/\/mp-c.eu\/agence\/#\/schema\/logo\/image\/\"},\"sameAs\":[\"https:\/\/www.facebook.com\/agenceMPC\",\"https:\/\/x.com\/mapyntonga\",\"https:\/\/www.linkedin.com\/in\/marie-pierre-medouga-ndjikessi-6b2a7645\"]},{\"@type\":\"Person\",\"@id\":\"https:\/\/mp-c.eu\/agence\/#\/schema\/person\/344f85a775d8d4fd7648d2b329ab51e0\",\"name\":\"MPCadm\",\"image\":{\"@type\":\"ImageObject\",\"inLanguage\":\"fr-FR\",\"@id\":\"https:\/\/mp-c.eu\/agence\/#\/schema\/person\/image\/\",\"url\":\"https:\/\/secure.gravatar.com\/avatar\/6c55f3109e0e2279c147d8bb3ab215e5?s=96&d=mm&r=g\",\"contentUrl\":\"https:\/\/secure.gravatar.com\/avatar\/6c55f3109e0e2279c147d8bb3ab215e5?s=96&d=mm&r=g\",\"caption\":\"MPCadm\"},\"url\":\"https:\/\/mp-c.eu\/agence\/author\/mpcadm\/\"}]}<\/script>\n<!-- \/ Yoast SEO plugin. -->","yoast_head_json":{"title":"L'agence MP & C vous pr\u00e9sente ses meilleurs voeux - MPC","description":"1992- 1997, l'agence M P & C est heureuse de vous pr\u00e9senter ses meilleurs v\u0153ux pour 2017 et de proposer ses 25 ans d'expertise aux organisations.","robots":{"index":"index","follow":"follow","max-snippet":"max-snippet:-1","max-image-preview":"max-image-preview:large","max-video-preview":"max-video-preview:-1"},"canonical":"https:\/\/mp-c.eu\/agence\/lagence-mp-et-c-25-ans-votre-service-voeux\/","og_locale":"fr_FR","og_type":"article","og_title":"L'agence MP & C vous pr\u00e9sente ses meilleurs voeux - MPC","og_description":"1992- 1997, l'agence M P & C est heureuse de vous pr\u00e9senter ses meilleurs v\u0153ux pour 2017 et de proposer ses 25 ans d'expertise aux organisations.","og_url":"https:\/\/mp-c.eu\/agence\/lagence-mp-et-c-25-ans-votre-service-voeux\/","og_site_name":"MPC","article_publisher":"https:\/\/www.facebook.com\/agenceMPC","article_published_time":"2017-01-11T16:38:19+00:00","article_modified_time":"2024-12-09T00:11:27+00:00","og_image":[{"width":512,"height":384,"url":"https:\/\/mp-c.eu\/agence\/wp-content\/uploads\/2017\/01\/na_MPC_voeux_2017_HD-P.jpg","type":"image\/jpeg"}],"author":"MPCadm","twitter_card":"summary_large_image","twitter_creator":"@mapyntonga","twitter_site":"@mapyntonga","twitter_misc":{"\u00c9crit par":"MPCadm","Dur\u00e9e de lecture estim\u00e9e":"3 minutes"},"schema":{"@context":"https:\/\/schema.org","@graph":[{"@type":"Article","@id":"https:\/\/mp-c.eu\/agence\/lagence-mp-et-c-25-ans-votre-service-voeux\/#article","isPartOf":{"@id":"https:\/\/mp-c.eu\/agence\/lagence-mp-et-c-25-ans-votre-service-voeux\/"},"author":{"name":"MPCadm","@id":"https:\/\/mp-c.eu\/agence\/#\/schema\/person\/344f85a775d8d4fd7648d2b329ab51e0"},"headline":"L&rsquo;agence MP &#038; C vous pr\u00e9sente ses meilleurs voeux","datePublished":"2017-01-11T16:38:19+00:00","dateModified":"2024-12-09T00:11:27+00:00","mainEntityOfPage":{"@id":"https:\/\/mp-c.eu\/agence\/lagence-mp-et-c-25-ans-votre-service-voeux\/"},"wordCount":705,"commentCount":0,"publisher":{"@id":"https:\/\/mp-c.eu\/agence\/#organization"},"image":{"@id":"https:\/\/mp-c.eu\/agence\/lagence-mp-et-c-25-ans-votre-service-voeux\/#primaryimage"},"thumbnailUrl":"https:\/\/mp-c.eu\/agence\/wp-content\/uploads\/2017\/01\/na_MPC_voeux_2017_HD-P.jpg","keywords":["\u00e9cologie","\u00e9thique","agence relations m\u00e9dias","association","ch\u00f4mage","coaching","communication","d\u00e9ontologie","diversit\u00e9","education","emploi","environnement","formation","g\u00e9n\u00e9rosit\u00e9","justice","m\u00e9c\u00e9nat","Marie-Pierre Medouga","parit\u00e9","psychoportrait symbolique","relations presse","relations publics","RSE"],"articleSection":["Vision RP"],"inLanguage":"fr-FR","potentialAction":[{"@type":"CommentAction","name":"Comment","target":["https:\/\/mp-c.eu\/agence\/lagence-mp-et-c-25-ans-votre-service-voeux\/#respond"]}]},{"@type":"WebPage","@id":"https:\/\/mp-c.eu\/agence\/lagence-mp-et-c-25-ans-votre-service-voeux\/","url":"https:\/\/mp-c.eu\/agence\/lagence-mp-et-c-25-ans-votre-service-voeux\/","name":"L'agence MP & C vous pr\u00e9sente ses meilleurs voeux - MPC","isPartOf":{"@id":"https:\/\/mp-c.eu\/agence\/#website"},"primaryImageOfPage":{"@id":"https:\/\/mp-c.eu\/agence\/lagence-mp-et-c-25-ans-votre-service-voeux\/#primaryimage"},"image":{"@id":"https:\/\/mp-c.eu\/agence\/lagence-mp-et-c-25-ans-votre-service-voeux\/#primaryimage"},"thumbnailUrl":"https:\/\/mp-c.eu\/agence\/wp-content\/uploads\/2017\/01\/na_MPC_voeux_2017_HD-P.jpg","datePublished":"2017-01-11T16:38:19+00:00","dateModified":"2024-12-09T00:11:27+00:00","description":"1992- 1997, l'agence M P & C est heureuse de vous pr\u00e9senter ses meilleurs v\u0153ux pour 2017 et de proposer ses 25 ans d'expertise aux organisations.","breadcrumb":{"@id":"https:\/\/mp-c.eu\/agence\/lagence-mp-et-c-25-ans-votre-service-voeux\/#breadcrumb"},"inLanguage":"fr-FR","potentialAction":[{"@type":"ReadAction","target":["https:\/\/mp-c.eu\/agence\/lagence-mp-et-c-25-ans-votre-service-voeux\/"]}]},{"@type":"ImageObject","inLanguage":"fr-FR","@id":"https:\/\/mp-c.eu\/agence\/lagence-mp-et-c-25-ans-votre-service-voeux\/#primaryimage","url":"https:\/\/mp-c.eu\/agence\/wp-content\/uploads\/2017\/01\/na_MPC_voeux_2017_HD-P.jpg","contentUrl":"https:\/\/mp-c.eu\/agence\/wp-content\/uploads\/2017\/01\/na_MPC_voeux_2017_HD-P.jpg","width":512,"height":384,"caption":"voeux2017 de l'agence MPC"},{"@type":"BreadcrumbList","@id":"https:\/\/mp-c.eu\/agence\/lagence-mp-et-c-25-ans-votre-service-voeux\/#breadcrumb","itemListElement":[{"@type":"ListItem","position":1,"name":"Accueil","item":"https:\/\/mp-c.eu\/agence\/"},{"@type":"ListItem","position":2,"name":"L&rsquo;agence MP &#038; C vous pr\u00e9sente ses meilleurs voeux"}]},{"@type":"WebSite","@id":"https:\/\/mp-c.eu\/agence\/#website","url":"https:\/\/mp-c.eu\/agence\/","name":"MPC","description":"Media Presse Communication - Marie-Pierre Medouga Ngikessi","publisher":{"@id":"https:\/\/mp-c.eu\/agence\/#organization"},"potentialAction":[{"@type":"SearchAction","target":{"@type":"EntryPoint","urlTemplate":"https:\/\/mp-c.eu\/agence\/?s={search_term_string}"},"query-input":{"@type":"PropertyValueSpecification","valueRequired":true,"valueName":"search_term_string"}}],"inLanguage":"fr-FR"},{"@type":"Organization","@id":"https:\/\/mp-c.eu\/agence\/#organization","name":"Media Presse & Communication","url":"https:\/\/mp-c.eu\/agence\/","logo":{"@type":"ImageObject","inLanguage":"fr-FR","@id":"https:\/\/mp-c.eu\/agence\/#\/schema\/logo\/image\/","url":"https:\/\/mp-c.eu\/agence\/wp-content\/uploads\/2024\/09\/logo-MPC-HD-1.jpg","contentUrl":"https:\/\/mp-c.eu\/agence\/wp-content\/uploads\/2024\/09\/logo-MPC-HD-1.jpg","width":680,"height":434,"caption":"Media Presse & Communication"},"image":{"@id":"https:\/\/mp-c.eu\/agence\/#\/schema\/logo\/image\/"},"sameAs":["https:\/\/www.facebook.com\/agenceMPC","https:\/\/x.com\/mapyntonga","https:\/\/www.linkedin.com\/in\/marie-pierre-medouga-ndjikessi-6b2a7645"]},{"@type":"Person","@id":"https:\/\/mp-c.eu\/agence\/#\/schema\/person\/344f85a775d8d4fd7648d2b329ab51e0","name":"MPCadm","image":{"@type":"ImageObject","inLanguage":"fr-FR","@id":"https:\/\/mp-c.eu\/agence\/#\/schema\/person\/image\/","url":"https:\/\/secure.gravatar.com\/avatar\/6c55f3109e0e2279c147d8bb3ab215e5?s=96&d=mm&r=g","contentUrl":"https:\/\/secure.gravatar.com\/avatar\/6c55f3109e0e2279c147d8bb3ab215e5?s=96&d=mm&r=g","caption":"MPCadm"},"url":"https:\/\/mp-c.eu\/agence\/author\/mpcadm\/"}]}},"_links":{"self":[{"href":"https:\/\/mp-c.eu\/agence\/wp-json\/wp\/v2\/posts\/2391","targetHints":{"allow":["GET"]}}],"collection":[{"href":"https:\/\/mp-c.eu\/agence\/wp-json\/wp\/v2\/posts"}],"about":[{"href":"https:\/\/mp-c.eu\/agence\/wp-json\/wp\/v2\/types\/post"}],"author":[{"embeddable":true,"href":"https:\/\/mp-c.eu\/agence\/wp-json\/wp\/v2\/users\/1"}],"replies":[{"embeddable":true,"href":"https:\/\/mp-c.eu\/agence\/wp-json\/wp\/v2\/comments?post=2391"}],"version-history":[{"count":1,"href":"https:\/\/mp-c.eu\/agence\/wp-json\/wp\/v2\/posts\/2391\/revisions"}],"predecessor-version":[{"id":6034,"href":"https:\/\/mp-c.eu\/agence\/wp-json\/wp\/v2\/posts\/2391\/revisions\/6034"}],"wp:featuredmedia":[{"embeddable":true,"href":"https:\/\/mp-c.eu\/agence\/wp-json\/wp\/v2\/media\/2394"}],"wp:attachment":[{"href":"https:\/\/mp-c.eu\/agence\/wp-json\/wp\/v2\/media?parent=2391"}],"wp:term":[{"taxonomy":"category","embeddable":true,"href":"https:\/\/mp-c.eu\/agence\/wp-json\/wp\/v2\/categories?post=2391"},{"taxonomy":"post_tag","embeddable":true,"href":"https:\/\/mp-c.eu\/agence\/wp-json\/wp\/v2\/tags?post=2391"}],"curies":[{"name":"wp","href":"https:\/\/api.w.org\/{rel}","templated":true}]}}