{"id":4497,"date":"2020-02-21T00:28:49","date_gmt":"2020-02-20T23:28:49","guid":{"rendered":"https:\/\/mp-c.eu\/agence\/?p=4497"},"modified":"2020-02-21T00:28:49","modified_gmt":"2020-02-20T23:28:49","slug":"4497-la-pernaz-labellisee","status":"publish","type":"post","link":"https:\/\/mp-c.eu\/agence\/4497-la-pernaz-labellisee\/","title":{"rendered":"La Pernaz, 5e rivi\u00e8re labellis\u00e9e de l&rsquo;Ain"},"content":{"rendered":"<h4><img loading=\"lazy\" decoding=\"async\" class=\"aligncenter size-large wp-image-4498\" src=\"http:\/\/mp-c.eu\/agence\/wp-content\/uploads\/2020\/02\/DSC05214-500x281.jpg\" alt=\"les eeaux turquoises de la Pernaz\" width=\"500\" height=\"281\" srcset=\"https:\/\/mp-c.eu\/agence\/wp-content\/uploads\/2020\/02\/DSC05214-500x281.jpg 500w, https:\/\/mp-c.eu\/agence\/wp-content\/uploads\/2020\/02\/DSC05214-300x169.jpg 300w, https:\/\/mp-c.eu\/agence\/wp-content\/uploads\/2020\/02\/DSC05214-200x112.jpg 200w, https:\/\/mp-c.eu\/agence\/wp-content\/uploads\/2020\/02\/DSC05214-400x225.jpg 400w, https:\/\/mp-c.eu\/agence\/wp-content\/uploads\/2020\/02\/DSC05214-600x337.jpg 600w, https:\/\/mp-c.eu\/agence\/wp-content\/uploads\/2020\/02\/DSC05214-800x450.jpg 800w, https:\/\/mp-c.eu\/agence\/wp-content\/uploads\/2020\/02\/DSC05214-1200x675.jpg 1200w, https:\/\/mp-c.eu\/agence\/wp-content\/uploads\/2020\/02\/DSC05214-1320x742.jpg 1320w\" sizes=\"(max-width: 500px) 100vw, 500px\" \/><\/h4>\n<h4><strong>Le 21 f\u00e9vrier prochain \u00e0 17h30, se d\u00e9roulera la c\u00e9r\u00e9monie de labellisation du Tr\u00e9fond et de la Pernaz, formant la 5eme rivi\u00e8re de l\u2019Ain \u00e0 recevoir cette distinction. Le label \u00ab\u00a0site rivi\u00e8re sauvages\u00a0\u00bb r\u00e9compense l\u2019ensemble des parties prenantes et, en premier lieu, le d\u00e9partement de l\u2019Ain, pour leurs actions conjointes de pr\u00e9servation du cours d\u2019eau<\/strong><strong>.<\/strong><\/h4>\n<p>&nbsp;<\/p>\n<p>Entre cascades et for\u00eats, la Pernaz form\u00e9e des deux affluents le Tr\u00e9fond et l\u2019Arodin serpente dans un milieu tufeux<a href=\"#_ftn1\" name=\"_ftnref1\">[1]<\/a> tr\u00e8s fragile. La qualit\u00e9 de son eau, la richesse de sa biodiversit\u00e9 faunistique, ses curiosit\u00e9s g\u00e9ologiques font de cette rivi\u00e8re, un haut lieu touristique. Le d\u00e9partement de l\u2019Ain a souhait\u00e9 prot\u00e9ger cette rivi\u00e8re en cr\u00e9ant un espace naturel sensible dont la gestion a \u00e9t\u00e9 confi\u00e9e \u00e0 l\u2019association du r\u00e9seau des rivi\u00e8res sauvages.<\/p>\n<p>&nbsp;<\/p>\n<p>Le Tr\u00e9fond et l\u2019Arodin confluent pour former la Pernaz, affluent de la rive droite du Rh\u00f4ne. Ces trois cours d\u2019eau b\u00e9n\u00e9ficient du label Espace Naturel Sensible et ont \u00e9t\u00e9 identifi\u00e9es par le D\u00e9partement de l\u2019Ain comme potentiellement \u00e9ligibles au label \u00ab Site Rivi\u00e8res Sauvages \u00bb sur le lin\u00e9aire situ\u00e9 sur la partie amont de la commune de Serri\u00e8res-de-Briord. Cette portion d\u2019une longueur totale de 12,3 km comprend le Tr\u00e9fond, l\u2019Arodin ainsi qu\u2019une partie du lin\u00e9aire de la Pernaz.<\/p>\n<p>Un bassin versant peu anthropis\u00e9, des for\u00eats qui couvrent les deux tiers du territoire, tr\u00e8s peu d\u2019activit\u00e9s humaines font de ce territoire un lieu o\u00f9 la biodiversit\u00e9 peut se d\u00e9velopper.<\/p>\n<p>&nbsp;<\/p>\n<h4><strong>La Pernaz : un programme d\u2019actions cons\u00e9quent pour atteindre le niveau 2 du label\u00a0 <\/strong><\/h4>\n<p>Pour obtenir le label, un programme d\u2019actions a \u00e9t\u00e9 r\u00e9alis\u00e9 portant notamment sur l\u2019effacement de plusieurs seuils, les travaux sur le pont d\u2019Onglas, des actions de protection et de repeuplement de l\u2019\u00e9crevisse \u00e0 pattes blanches et le nettoyage d\u2019une d\u00e9charge \u00e0 l\u2019air libre. Plus de 120 tonnes de d\u00e9chets ont \u00e9t\u00e9 h\u00e9liport\u00e9s. La pose d\u2019\u00e9co-compteurs, le recensement des truites, l\u2019\u00e9tude de la pratique du canyoning, la sensibilisation des plus jeunes et du grand public font partie du programme quinquennal.<\/p>\n<p>&nbsp;<\/p>\n<h4><strong>Une faune end\u00e9mique<\/strong><\/h4>\n<p>Des habitats et des eaux de qualit\u00e9 ainsi qu\u2019une bonne temp\u00e9rature de l\u2019eau ont fait de la Pernaz, un lieu propice au d\u00e9veloppement de la truite Fario rhodanienne. Des \u00e9tudes sont en cours pour recenser les populations.<\/p>\n<p>L\u2019\u00e9crevisse \u00e0 pattes blanches, une esp\u00e8ce en danger est l\u2019h\u00f4te habituel des eaux de la Pernaz apr\u00e8s un repeuplement dans l\u2019Arodin. Le lynx, l\u2019oreillard roux, la vip\u00e8re aspic, l\u2019aigle royal, le faucon p\u00e8lerin, et la bondr\u00e9e apivore ainsi que le loup font partie des esp\u00e8ces vuln\u00e9rables ou menac\u00e9es.<\/p>\n<p>&nbsp;<\/p>\n<h4><strong>Un lieu de randonn\u00e9e et de canyoning <\/strong><\/h4>\n<p>On le dit souvent, le label \u00ab\u00a0site rivi\u00e8re sauvages n\u2019entraine pas une sanctuarisation du cours d\u2019eau. Il est donc possible de s\u2019adonner aux loisirs habituels mais avec une pratique qui n\u2019impacte pas l\u2019environnement. C\u2019est le cas du canyoning r\u00e9glement\u00e9 par un arr\u00eat\u00e9 pr\u00e9fectoral. Un chemin d\u2019interpr\u00e9tation va \u00eatre \u00e9labor\u00e9 pour sensibiliser les randonneurs \u00e0 la biodiversit\u00e9 environnante.<\/p>\n<p>&nbsp;<\/p>\n<h4><strong>La c\u00e9r\u00e9monie de labellisation <\/strong><\/h4>\n<p>Elle aura lieu \u00e0 17h30 en la mairie de Benonces<\/p>\n<p>Le certificat sera remis par l\u2019Afnor par Christian Lediouron et le label \u00ab\u00a0Site Rivi\u00e8res Sauvages\u00a0\u00bb par l\u2019\u00e9quipe du Fonds pour la Conservation des Rivi\u00e8res Sauvages<a href=\"#_ftn2\" name=\"_ftnref2\">[2]<\/a>,\u00a0 \u00e0\u00a0 Jean Deguerry, Pr\u00e9sident du Conseil d\u00e9partemental de l\u2019Ain, Viviane Vaudray Conseill\u00e8re d\u00e9partementale de Lagnieu, V\u00e9ronique Baude, vice-pr\u00e9sidente du D\u00e9partement de l\u2019Ain, D\u00e9l\u00e9gu\u00e9e au\u00a0 tourisme, au patrimoine naturel, \u00e0 l\u2019environnement et au d\u00e9veloppement durable, Sylvie Righetti-Gilotte, Maire de Benonces, Daniel Beguet, Maire de Serri\u00e8res-de-Briord, Evelyne Reymond-Babolat, en la pr\u00e9sence de Marie-Pierre Medouga Ndjikessi , pr\u00e9sidente du R\u00e9seau des Rivi\u00e8res Sauvages et de M\u00e9lanie Taquet Charg\u00e9e de Mission pour le territoire Rh\u00f4ne M\u00e9diterran\u00e9e Corse et gestionnaire de l\u2019ENS.<\/p>\n<p>&nbsp;<\/p>\n<p>&nbsp;<\/p>\n<h4>A<img loading=\"lazy\" decoding=\"async\" class=\"wp-image-4216 size-thumbnail alignleft\" title=\"le label Site Rivieres Sauvages d\u00e9cern\u00e9 \u00e0 la Pernaz\" src=\"http:\/\/mp-c.eu\/agence\/wp-content\/uploads\/2019\/05\/Label-rivieres-sauvages-QUADRI-site-150x150.jpg\" alt=\"\" width=\"150\" height=\"150\" srcset=\"https:\/\/mp-c.eu\/agence\/wp-content\/uploads\/2019\/05\/Label-rivieres-sauvages-QUADRI-site-150x150.jpg 150w, https:\/\/mp-c.eu\/agence\/wp-content\/uploads\/2019\/05\/Label-rivieres-sauvages-QUADRI-site-300x300.jpg 300w, https:\/\/mp-c.eu\/agence\/wp-content\/uploads\/2019\/05\/Label-rivieres-sauvages-QUADRI-site-66x66.jpg 66w, https:\/\/mp-c.eu\/agence\/wp-content\/uploads\/2019\/05\/Label-rivieres-sauvages-QUADRI-site-200x200.jpg 200w, https:\/\/mp-c.eu\/agence\/wp-content\/uploads\/2019\/05\/Label-rivieres-sauvages-QUADRI-site-400x400.jpg 400w, https:\/\/mp-c.eu\/agence\/wp-content\/uploads\/2019\/05\/Label-rivieres-sauvages-QUADRI-site.jpg 469w\" sizes=\"(max-width: 150px) 100vw, 150px\" \/> propos du label<\/h4>\n<p>Le Label \u00ab Site Rivi\u00e8res Sauvages \u00bb est fruit d\u2019un long effort collectif qui r\u00e9unit des acteurs de tous horizons : gestionnaires des bassins versants, institutions, collectivit\u00e9s territoriales, entreprises, associations de protection et gestionnaires des milieux naturels, riverains. Il a un double objectif : reconnaitre la naturalit\u00e9 extraordinaire des rivi\u00e8res de nos contr\u00e9es ; honorer l\u2019engagement, le travail, la d\u00e9termination d\u2019une communaut\u00e9 humaine d\u2019un territoire. D\u00e9sormais port\u00e9 par l\u2019Association du R\u00e9seau des Rivi\u00e8res Sauvages et le Fonds de dotation pour la Conservation des Rivi\u00e8res Sauvages, il se base sur 47 crit\u00e8res contr\u00f4l\u00e9s par l\u2019AFNOR. 28 rivi\u00e8res sont aujourd\u2019hui labellis\u00e9es : La Valserine, la Dorche, la V\u00e9zeronce, l&rsquo;Arvi\u00e8re dans l&rsquo;Ain, la Beaume et la Drobie en Ard\u00e8che, l&rsquo;Est\u00e9ron, le Cians, la Roudoule, la Clue d&rsquo;Amen, le Vallon de Cante dans les Alpes Maritimes, le Ch\u00e9ran, le Nant d&rsquo;Aillon, le Nant B\u00e9nin en Savoie et Haute Savoie, le Galeizon dans le Gard, le Taravo en Corse du Sud, le Travu et le Fangu en Haute Corse, l&rsquo;Artoise dans l&rsquo;Aisne, La Grande Leyre dans les Landes, le L\u00e9guer et le Guic en Bretagne, le Pic et la Gioune dans la Creuse, la Haute Dronne en P\u00e9rigord-Limousin, La Pernaz et le Rif Garcin.<\/p>\n<p>&nbsp;<\/p>\n<p><a href=\"#_ftnref1\" name=\"_ftn1\">[1]<\/a> \u00a0Roche poreuse l\u00e9g\u00e8re, souvent friable, form\u00e9e de d\u00e9p\u00f4ts volcaniques ou calcaires. Tuf basaltique, siliceux.<\/p>\n<p><a href=\"#_ftnref2\" name=\"_ftn2\">[2]<\/a> certificat remis au d\u00e9partement de l\u2019Ain et label remis\u00a0 aux 4 communes Serri\u00e8re de Briord, B\u00e9nonces, Seillonaz, Ordonnaz, \u00e0 la Communaut\u00e9 de Communes Plaine de l\u2019Ain, la F\u00e9d\u00e9ration de P\u00eache de l\u2019Ain, l\u2019AAPPMA la Truite du Bas Bugey, l\u2019AGESSEC, le CD01, l\u2019AERMC, la CERA, Patrick Sabonnadi\u00e8re &#8211; habitant, centre de loisirs, \u00e9cole de B\u00e9nonces<\/p>\n<p>&nbsp;<\/p>\n<p>Pour t\u00e9l\u00e9charger le communiqu\u00e9 de presse :\u00a0 <a href=\"http:\/\/mp-c.eu\/agence\/wp-content\/uploads\/2020\/02\/Communiqu\u00e9_Pernaz.pdf\" target=\"_blank\" rel=\"noopener noreferrer\">cliquez<\/a><\/p>\n<p>&nbsp;<\/p>\n<p>T\u00e9l\u00e9chargez le dossier de presse : <a href=\"http:\/\/mp-c.eu\/agence\/wp-content\/uploads\/2020\/02\/Dossier_Presse_-les-rivieres-sauvages_de_l_Ain-vF.pdf\" target=\"_blank\" rel=\"noopener noreferrer\">cliquez\u00a0<\/a><\/p>\n","protected":false},"excerpt":{"rendered":"<p>Le 21 f\u00e9vrier prochain \u00e0 17h30, se d\u00e9roulera la c\u00e9r\u00e9monie de labellisation du Tr\u00e9fond et de la Pernaz, formant la 5eme rivi\u00e8re de l\u2019Ain \u00e0 recevoir cette distinction. Le label \u00ab\u00a0site rivi\u00e8re sauvages\u00a0\u00bb r\u00e9compense l\u2019ensemble des parties prenantes et, en premier lieu, le d\u00e9partement de l\u2019Ain, pour leurs actions conjointes de pr\u00e9servation du cours d\u2019eau. [&hellip;]<\/p>\n","protected":false},"author":1,"featured_media":0,"comment_status":"open","ping_status":"open","sticky":false,"template":"","format":"standard","meta":{"_acf_changed":false,"_et_pb_use_builder":"","_et_pb_old_content":"","_et_gb_content_width":"","_exactmetrics_skip_tracking":false,"_exactmetrics_sitenote_active":false,"_exactmetrics_sitenote_note":"","_exactmetrics_sitenote_category":0,"footnotes":""},"categories":[1],"tags":[1711,1713,1715,29,1719,1710,1714,986,577,200,1630,1631,1155,488,1712,474,1716,1718,143,145,497,1717],"class_list":["post-4497","post","type-post","status-publish","format-standard","hentry","category-divers","tag-5eme-riviere","tag-ecrevisses-a-pattes-blanches","tag-aspic","tag-association","tag-association-du-reseau-des-rivieres-sauvages","tag-benonces","tag-bondree","tag-ceremonie-de-labellisation","tag-departement-de-lain","tag-environnement","tag-faune","tag-flore","tag-la-pernaz","tag-labellisation","tag-loup","tag-marie-pierre-medouga","tag-oreillard","tag-programme-dactions","tag-relations-presse","tag-relations-publics","tag-truite-fario","tag-truite-rhodanienne"],"acf":[],"yoast_head":"<!-- This site is optimized with the Yoast SEO plugin v26.5 - https:\/\/yoast.com\/wordpress\/plugins\/seo\/ -->\n<title>La Pernaz, 5e rivi\u00e8re labellis\u00e9e de l&#039;Ain - MPC<\/title>\n<meta name=\"description\" content=\"La Pernaz devient la 5e rivi\u00e8re labellis\u00e9e &quot;Site Rivi\u00e8res Sauvages&quot; du d\u00e9partement de l&#039;AIN. La c\u00e9r\u00e9monie se d\u00e9roulera \u00e0 Benonces, le 21\/02\/2020 \u00e0 17h30.\" \/>\n<meta name=\"robots\" content=\"index, follow, max-snippet:-1, max-image-preview:large, max-video-preview:-1\" \/>\n<link rel=\"canonical\" href=\"https:\/\/mp-c.eu\/agence\/4497-la-pernaz-labellisee\/\" \/>\n<meta property=\"og:locale\" content=\"fr_FR\" \/>\n<meta property=\"og:type\" content=\"article\" \/>\n<meta property=\"og:title\" content=\"La Pernaz, 5e rivi\u00e8re labellis\u00e9e de l&#039;Ain - MPC\" \/>\n<meta property=\"og:description\" content=\"La Pernaz devient la 5e rivi\u00e8re labellis\u00e9e &quot;Site Rivi\u00e8res Sauvages&quot; du d\u00e9partement de l&#039;AIN. La c\u00e9r\u00e9monie se d\u00e9roulera \u00e0 Benonces, le 21\/02\/2020 \u00e0 17h30.\" \/>\n<meta property=\"og:url\" content=\"https:\/\/mp-c.eu\/agence\/4497-la-pernaz-labellisee\/\" \/>\n<meta property=\"og:site_name\" content=\"MPC\" \/>\n<meta property=\"article:publisher\" content=\"https:\/\/www.facebook.com\/agenceMPC\" \/>\n<meta property=\"article:published_time\" content=\"2020-02-20T23:28:49+00:00\" \/>\n<meta property=\"og:image\" content=\"https:\/\/mp-c.eu\/agence\/wp-content\/uploads\/2020\/02\/DSC05214-500x281.jpg\" \/>\n\t<meta property=\"og:image:width\" content=\"500\" \/>\n\t<meta property=\"og:image:height\" content=\"281\" \/>\n\t<meta property=\"og:image:type\" content=\"image\/jpeg\" \/>\n<meta name=\"author\" content=\"MPCadm\" \/>\n<meta name=\"twitter:card\" content=\"summary_large_image\" \/>\n<meta name=\"twitter:image\" content=\"https:\/\/mp-c.eu\/agence\/wp-content\/uploads\/2020\/02\/DSC05214.jpg\" \/>\n<meta name=\"twitter:creator\" content=\"@mapyntonga\" \/>\n<meta name=\"twitter:site\" content=\"@mapyntonga\" \/>\n<meta name=\"twitter:label1\" content=\"\u00c9crit par\" \/>\n\t<meta name=\"twitter:data1\" content=\"MPCadm\" \/>\n\t<meta name=\"twitter:label2\" content=\"Dur\u00e9e de lecture estim\u00e9e\" \/>\n\t<meta name=\"twitter:data2\" content=\"5 minutes\" \/>\n<script type=\"application\/ld+json\" class=\"yoast-schema-graph\">{\"@context\":\"https:\/\/schema.org\",\"@graph\":[{\"@type\":\"Article\",\"@id\":\"https:\/\/mp-c.eu\/agence\/4497-la-pernaz-labellisee\/#article\",\"isPartOf\":{\"@id\":\"https:\/\/mp-c.eu\/agence\/4497-la-pernaz-labellisee\/\"},\"author\":{\"name\":\"MPCadm\",\"@id\":\"https:\/\/mp-c.eu\/agence\/#\/schema\/person\/344f85a775d8d4fd7648d2b329ab51e0\"},\"headline\":\"La Pernaz, 5e rivi\u00e8re labellis\u00e9e de l&rsquo;Ain\",\"datePublished\":\"2020-02-20T23:28:49+00:00\",\"mainEntityOfPage\":{\"@id\":\"https:\/\/mp-c.eu\/agence\/4497-la-pernaz-labellisee\/\"},\"wordCount\":1055,\"commentCount\":0,\"publisher\":{\"@id\":\"https:\/\/mp-c.eu\/agence\/#organization\"},\"image\":{\"@id\":\"https:\/\/mp-c.eu\/agence\/4497-la-pernaz-labellisee\/#primaryimage\"},\"thumbnailUrl\":\"http:\/\/mp-c.eu\/agence\/wp-content\/uploads\/2020\/02\/DSC05214-500x281.jpg\",\"keywords\":[\"5eme rivi\u00e8re\",\"\u00e9crevisses \u00e0 pattes blanches\",\"aspic\",\"association\",\"Association du R\u00e9seau des Rivi\u00e8res sauvages\",\"Benonces\",\"Bondr\u00e9e\",\"c\u00e9r\u00e9monie de labellisation\",\"D\u00e9partement de l'Ain\",\"environnement\",\"faune\",\"flore\",\"la Pernaz\",\"labellisation\",\"loup\",\"Marie-Pierre Medouga\",\"Oreillard\",\"programme d'actions\",\"relations presse\",\"relations publics\",\"truite Fario\",\"truite rhodanienne\"],\"articleSection\":[\"Divers\"],\"inLanguage\":\"fr-FR\",\"potentialAction\":[{\"@type\":\"CommentAction\",\"name\":\"Comment\",\"target\":[\"https:\/\/mp-c.eu\/agence\/4497-la-pernaz-labellisee\/#respond\"]}]},{\"@type\":\"WebPage\",\"@id\":\"https:\/\/mp-c.eu\/agence\/4497-la-pernaz-labellisee\/\",\"url\":\"https:\/\/mp-c.eu\/agence\/4497-la-pernaz-labellisee\/\",\"name\":\"La Pernaz, 5e rivi\u00e8re labellis\u00e9e de l'Ain - MPC\",\"isPartOf\":{\"@id\":\"https:\/\/mp-c.eu\/agence\/#website\"},\"primaryImageOfPage\":{\"@id\":\"https:\/\/mp-c.eu\/agence\/4497-la-pernaz-labellisee\/#primaryimage\"},\"image\":{\"@id\":\"https:\/\/mp-c.eu\/agence\/4497-la-pernaz-labellisee\/#primaryimage\"},\"thumbnailUrl\":\"http:\/\/mp-c.eu\/agence\/wp-content\/uploads\/2020\/02\/DSC05214-500x281.jpg\",\"datePublished\":\"2020-02-20T23:28:49+00:00\",\"description\":\"La Pernaz devient la 5e rivi\u00e8re labellis\u00e9e \\\"Site Rivi\u00e8res Sauvages\\\" du d\u00e9partement de l'AIN. La c\u00e9r\u00e9monie se d\u00e9roulera \u00e0 Benonces, le 21\/02\/2020 \u00e0 17h30.\",\"breadcrumb\":{\"@id\":\"https:\/\/mp-c.eu\/agence\/4497-la-pernaz-labellisee\/#breadcrumb\"},\"inLanguage\":\"fr-FR\",\"potentialAction\":[{\"@type\":\"ReadAction\",\"target\":[\"https:\/\/mp-c.eu\/agence\/4497-la-pernaz-labellisee\/\"]}]},{\"@type\":\"ImageObject\",\"inLanguage\":\"fr-FR\",\"@id\":\"https:\/\/mp-c.eu\/agence\/4497-la-pernaz-labellisee\/#primaryimage\",\"url\":\"http:\/\/mp-c.eu\/agence\/wp-content\/uploads\/2020\/02\/DSC05214-500x281.jpg\",\"contentUrl\":\"http:\/\/mp-c.eu\/agence\/wp-content\/uploads\/2020\/02\/DSC05214-500x281.jpg\"},{\"@type\":\"BreadcrumbList\",\"@id\":\"https:\/\/mp-c.eu\/agence\/4497-la-pernaz-labellisee\/#breadcrumb\",\"itemListElement\":[{\"@type\":\"ListItem\",\"position\":1,\"name\":\"Accueil\",\"item\":\"https:\/\/mp-c.eu\/agence\/\"},{\"@type\":\"ListItem\",\"position\":2,\"name\":\"La Pernaz, 5e rivi\u00e8re labellis\u00e9e de l&rsquo;Ain\"}]},{\"@type\":\"WebSite\",\"@id\":\"https:\/\/mp-c.eu\/agence\/#website\",\"url\":\"https:\/\/mp-c.eu\/agence\/\",\"name\":\"MPC\",\"description\":\"Media Presse Communication - Marie-Pierre Medouga Ngikessi\",\"publisher\":{\"@id\":\"https:\/\/mp-c.eu\/agence\/#organization\"},\"potentialAction\":[{\"@type\":\"SearchAction\",\"target\":{\"@type\":\"EntryPoint\",\"urlTemplate\":\"https:\/\/mp-c.eu\/agence\/?s={search_term_string}\"},\"query-input\":{\"@type\":\"PropertyValueSpecification\",\"valueRequired\":true,\"valueName\":\"search_term_string\"}}],\"inLanguage\":\"fr-FR\"},{\"@type\":\"Organization\",\"@id\":\"https:\/\/mp-c.eu\/agence\/#organization\",\"name\":\"Media Presse & Communication\",\"url\":\"https:\/\/mp-c.eu\/agence\/\",\"logo\":{\"@type\":\"ImageObject\",\"inLanguage\":\"fr-FR\",\"@id\":\"https:\/\/mp-c.eu\/agence\/#\/schema\/logo\/image\/\",\"url\":\"https:\/\/mp-c.eu\/agence\/wp-content\/uploads\/2024\/09\/logo-MPC-HD-1.jpg\",\"contentUrl\":\"https:\/\/mp-c.eu\/agence\/wp-content\/uploads\/2024\/09\/logo-MPC-HD-1.jpg\",\"width\":680,\"height\":434,\"caption\":\"Media Presse & Communication\"},\"image\":{\"@id\":\"https:\/\/mp-c.eu\/agence\/#\/schema\/logo\/image\/\"},\"sameAs\":[\"https:\/\/www.facebook.com\/agenceMPC\",\"https:\/\/x.com\/mapyntonga\",\"https:\/\/www.linkedin.com\/in\/marie-pierre-medouga-ndjikessi-6b2a7645\"]},{\"@type\":\"Person\",\"@id\":\"https:\/\/mp-c.eu\/agence\/#\/schema\/person\/344f85a775d8d4fd7648d2b329ab51e0\",\"name\":\"MPCadm\",\"image\":{\"@type\":\"ImageObject\",\"inLanguage\":\"fr-FR\",\"@id\":\"https:\/\/mp-c.eu\/agence\/#\/schema\/person\/image\/\",\"url\":\"https:\/\/secure.gravatar.com\/avatar\/6c55f3109e0e2279c147d8bb3ab215e5?s=96&d=mm&r=g\",\"contentUrl\":\"https:\/\/secure.gravatar.com\/avatar\/6c55f3109e0e2279c147d8bb3ab215e5?s=96&d=mm&r=g\",\"caption\":\"MPCadm\"},\"url\":\"https:\/\/mp-c.eu\/agence\/author\/mpcadm\/\"}]}<\/script>\n<!-- \/ Yoast SEO plugin. -->","yoast_head_json":{"title":"La Pernaz, 5e rivi\u00e8re labellis\u00e9e de l'Ain - MPC","description":"La Pernaz devient la 5e rivi\u00e8re labellis\u00e9e \"Site Rivi\u00e8res Sauvages\" du d\u00e9partement de l'AIN. La c\u00e9r\u00e9monie se d\u00e9roulera \u00e0 Benonces, le 21\/02\/2020 \u00e0 17h30.","robots":{"index":"index","follow":"follow","max-snippet":"max-snippet:-1","max-image-preview":"max-image-preview:large","max-video-preview":"max-video-preview:-1"},"canonical":"https:\/\/mp-c.eu\/agence\/4497-la-pernaz-labellisee\/","og_locale":"fr_FR","og_type":"article","og_title":"La Pernaz, 5e rivi\u00e8re labellis\u00e9e de l'Ain - MPC","og_description":"La Pernaz devient la 5e rivi\u00e8re labellis\u00e9e \"Site Rivi\u00e8res Sauvages\" du d\u00e9partement de l'AIN. La c\u00e9r\u00e9monie se d\u00e9roulera \u00e0 Benonces, le 21\/02\/2020 \u00e0 17h30.","og_url":"https:\/\/mp-c.eu\/agence\/4497-la-pernaz-labellisee\/","og_site_name":"MPC","article_publisher":"https:\/\/www.facebook.com\/agenceMPC","article_published_time":"2020-02-20T23:28:49+00:00","og_image":[{"width":500,"height":281,"url":"https:\/\/mp-c.eu\/agence\/wp-content\/uploads\/2020\/02\/DSC05214-500x281.jpg","type":"image\/jpeg"}],"author":"MPCadm","twitter_card":"summary_large_image","twitter_image":"https:\/\/mp-c.eu\/agence\/wp-content\/uploads\/2020\/02\/DSC05214.jpg","twitter_creator":"@mapyntonga","twitter_site":"@mapyntonga","twitter_misc":{"\u00c9crit par":"MPCadm","Dur\u00e9e de lecture estim\u00e9e":"5 minutes"},"schema":{"@context":"https:\/\/schema.org","@graph":[{"@type":"Article","@id":"https:\/\/mp-c.eu\/agence\/4497-la-pernaz-labellisee\/#article","isPartOf":{"@id":"https:\/\/mp-c.eu\/agence\/4497-la-pernaz-labellisee\/"},"author":{"name":"MPCadm","@id":"https:\/\/mp-c.eu\/agence\/#\/schema\/person\/344f85a775d8d4fd7648d2b329ab51e0"},"headline":"La Pernaz, 5e rivi\u00e8re labellis\u00e9e de l&rsquo;Ain","datePublished":"2020-02-20T23:28:49+00:00","mainEntityOfPage":{"@id":"https:\/\/mp-c.eu\/agence\/4497-la-pernaz-labellisee\/"},"wordCount":1055,"commentCount":0,"publisher":{"@id":"https:\/\/mp-c.eu\/agence\/#organization"},"image":{"@id":"https:\/\/mp-c.eu\/agence\/4497-la-pernaz-labellisee\/#primaryimage"},"thumbnailUrl":"http:\/\/mp-c.eu\/agence\/wp-content\/uploads\/2020\/02\/DSC05214-500x281.jpg","keywords":["5eme rivi\u00e8re","\u00e9crevisses \u00e0 pattes blanches","aspic","association","Association du R\u00e9seau des Rivi\u00e8res sauvages","Benonces","Bondr\u00e9e","c\u00e9r\u00e9monie de labellisation","D\u00e9partement de l'Ain","environnement","faune","flore","la Pernaz","labellisation","loup","Marie-Pierre Medouga","Oreillard","programme d'actions","relations presse","relations publics","truite Fario","truite rhodanienne"],"articleSection":["Divers"],"inLanguage":"fr-FR","potentialAction":[{"@type":"CommentAction","name":"Comment","target":["https:\/\/mp-c.eu\/agence\/4497-la-pernaz-labellisee\/#respond"]}]},{"@type":"WebPage","@id":"https:\/\/mp-c.eu\/agence\/4497-la-pernaz-labellisee\/","url":"https:\/\/mp-c.eu\/agence\/4497-la-pernaz-labellisee\/","name":"La Pernaz, 5e rivi\u00e8re labellis\u00e9e de l'Ain - MPC","isPartOf":{"@id":"https:\/\/mp-c.eu\/agence\/#website"},"primaryImageOfPage":{"@id":"https:\/\/mp-c.eu\/agence\/4497-la-pernaz-labellisee\/#primaryimage"},"image":{"@id":"https:\/\/mp-c.eu\/agence\/4497-la-pernaz-labellisee\/#primaryimage"},"thumbnailUrl":"http:\/\/mp-c.eu\/agence\/wp-content\/uploads\/2020\/02\/DSC05214-500x281.jpg","datePublished":"2020-02-20T23:28:49+00:00","description":"La Pernaz devient la 5e rivi\u00e8re labellis\u00e9e \"Site Rivi\u00e8res Sauvages\" du d\u00e9partement de l'AIN. La c\u00e9r\u00e9monie se d\u00e9roulera \u00e0 Benonces, le 21\/02\/2020 \u00e0 17h30.","breadcrumb":{"@id":"https:\/\/mp-c.eu\/agence\/4497-la-pernaz-labellisee\/#breadcrumb"},"inLanguage":"fr-FR","potentialAction":[{"@type":"ReadAction","target":["https:\/\/mp-c.eu\/agence\/4497-la-pernaz-labellisee\/"]}]},{"@type":"ImageObject","inLanguage":"fr-FR","@id":"https:\/\/mp-c.eu\/agence\/4497-la-pernaz-labellisee\/#primaryimage","url":"http:\/\/mp-c.eu\/agence\/wp-content\/uploads\/2020\/02\/DSC05214-500x281.jpg","contentUrl":"http:\/\/mp-c.eu\/agence\/wp-content\/uploads\/2020\/02\/DSC05214-500x281.jpg"},{"@type":"BreadcrumbList","@id":"https:\/\/mp-c.eu\/agence\/4497-la-pernaz-labellisee\/#breadcrumb","itemListElement":[{"@type":"ListItem","position":1,"name":"Accueil","item":"https:\/\/mp-c.eu\/agence\/"},{"@type":"ListItem","position":2,"name":"La Pernaz, 5e rivi\u00e8re labellis\u00e9e de l&rsquo;Ain"}]},{"@type":"WebSite","@id":"https:\/\/mp-c.eu\/agence\/#website","url":"https:\/\/mp-c.eu\/agence\/","name":"MPC","description":"Media Presse Communication - Marie-Pierre Medouga Ngikessi","publisher":{"@id":"https:\/\/mp-c.eu\/agence\/#organization"},"potentialAction":[{"@type":"SearchAction","target":{"@type":"EntryPoint","urlTemplate":"https:\/\/mp-c.eu\/agence\/?s={search_term_string}"},"query-input":{"@type":"PropertyValueSpecification","valueRequired":true,"valueName":"search_term_string"}}],"inLanguage":"fr-FR"},{"@type":"Organization","@id":"https:\/\/mp-c.eu\/agence\/#organization","name":"Media Presse & Communication","url":"https:\/\/mp-c.eu\/agence\/","logo":{"@type":"ImageObject","inLanguage":"fr-FR","@id":"https:\/\/mp-c.eu\/agence\/#\/schema\/logo\/image\/","url":"https:\/\/mp-c.eu\/agence\/wp-content\/uploads\/2024\/09\/logo-MPC-HD-1.jpg","contentUrl":"https:\/\/mp-c.eu\/agence\/wp-content\/uploads\/2024\/09\/logo-MPC-HD-1.jpg","width":680,"height":434,"caption":"Media Presse & Communication"},"image":{"@id":"https:\/\/mp-c.eu\/agence\/#\/schema\/logo\/image\/"},"sameAs":["https:\/\/www.facebook.com\/agenceMPC","https:\/\/x.com\/mapyntonga","https:\/\/www.linkedin.com\/in\/marie-pierre-medouga-ndjikessi-6b2a7645"]},{"@type":"Person","@id":"https:\/\/mp-c.eu\/agence\/#\/schema\/person\/344f85a775d8d4fd7648d2b329ab51e0","name":"MPCadm","image":{"@type":"ImageObject","inLanguage":"fr-FR","@id":"https:\/\/mp-c.eu\/agence\/#\/schema\/person\/image\/","url":"https:\/\/secure.gravatar.com\/avatar\/6c55f3109e0e2279c147d8bb3ab215e5?s=96&d=mm&r=g","contentUrl":"https:\/\/secure.gravatar.com\/avatar\/6c55f3109e0e2279c147d8bb3ab215e5?s=96&d=mm&r=g","caption":"MPCadm"},"url":"https:\/\/mp-c.eu\/agence\/author\/mpcadm\/"}]}},"_links":{"self":[{"href":"https:\/\/mp-c.eu\/agence\/wp-json\/wp\/v2\/posts\/4497","targetHints":{"allow":["GET"]}}],"collection":[{"href":"https:\/\/mp-c.eu\/agence\/wp-json\/wp\/v2\/posts"}],"about":[{"href":"https:\/\/mp-c.eu\/agence\/wp-json\/wp\/v2\/types\/post"}],"author":[{"embeddable":true,"href":"https:\/\/mp-c.eu\/agence\/wp-json\/wp\/v2\/users\/1"}],"replies":[{"embeddable":true,"href":"https:\/\/mp-c.eu\/agence\/wp-json\/wp\/v2\/comments?post=4497"}],"version-history":[{"count":1,"href":"https:\/\/mp-c.eu\/agence\/wp-json\/wp\/v2\/posts\/4497\/revisions"}],"predecessor-version":[{"id":4499,"href":"https:\/\/mp-c.eu\/agence\/wp-json\/wp\/v2\/posts\/4497\/revisions\/4499"}],"wp:attachment":[{"href":"https:\/\/mp-c.eu\/agence\/wp-json\/wp\/v2\/media?parent=4497"}],"wp:term":[{"taxonomy":"category","embeddable":true,"href":"https:\/\/mp-c.eu\/agence\/wp-json\/wp\/v2\/categories?post=4497"},{"taxonomy":"post_tag","embeddable":true,"href":"https:\/\/mp-c.eu\/agence\/wp-json\/wp\/v2\/tags?post=4497"}],"curies":[{"name":"wp","href":"https:\/\/api.w.org\/{rel}","templated":true}]}}