{"id":4591,"date":"2020-07-03T19:06:51","date_gmt":"2020-07-03T18:06:51","guid":{"rendered":"https:\/\/mp-c.eu\/agence\/?p=4591"},"modified":"2020-07-03T19:06:51","modified_gmt":"2020-07-03T18:06:51","slug":"le-rose-de-provence-by-sebastien-laffitte-un-art-de-vivre","status":"publish","type":"post","link":"https:\/\/mp-c.eu\/agence\/le-rose-de-provence-by-sebastien-laffitte-un-art-de-vivre\/","title":{"rendered":"Le Ros\u00e9 de Provence By S\u00e9bastien Laffitte : un art de vivre !"},"content":{"rendered":"<h3><img loading=\"lazy\" decoding=\"async\" class=\"aligncenter size-large wp-image-4593\" src=\"http:\/\/mp-c.eu\/agence\/wp-content\/uploads\/2020\/07\/IMG_2372-B-500x333.jpg\" alt=\"\" width=\"500\" height=\"333\" srcset=\"https:\/\/mp-c.eu\/agence\/wp-content\/uploads\/2020\/07\/IMG_2372-B-500x333.jpg 500w, https:\/\/mp-c.eu\/agence\/wp-content\/uploads\/2020\/07\/IMG_2372-B-300x200.jpg 300w, https:\/\/mp-c.eu\/agence\/wp-content\/uploads\/2020\/07\/IMG_2372-B-1536x1024.jpg 1536w, https:\/\/mp-c.eu\/agence\/wp-content\/uploads\/2020\/07\/IMG_2372-B-200x133.jpg 200w, https:\/\/mp-c.eu\/agence\/wp-content\/uploads\/2020\/07\/IMG_2372-B-400x267.jpg 400w, https:\/\/mp-c.eu\/agence\/wp-content\/uploads\/2020\/07\/IMG_2372-B-600x400.jpg 600w, https:\/\/mp-c.eu\/agence\/wp-content\/uploads\/2020\/07\/IMG_2372-B-800x533.jpg 800w, https:\/\/mp-c.eu\/agence\/wp-content\/uploads\/2020\/07\/IMG_2372-B-1200x800.jpg 1200w, https:\/\/mp-c.eu\/agence\/wp-content\/uploads\/2020\/07\/IMG_2372-B-1320x880.jpg 1320w, https:\/\/mp-c.eu\/agence\/wp-content\/uploads\/2020\/07\/IMG_2372-B.jpg 1920w\" sizes=\"(max-width: 500px) 100vw, 500px\" \/><\/h3>\n<h3 style=\"text-align: center;\">Le ros\u00e9 de Provence\u00a0 ?\u00a0 C&rsquo;est d\u00e9j\u00e0 les vacances !*<\/h3>\n<p><em>Ses Ros\u00e9s, S\u00e9bastien Laffitte, les a imagin\u00e9s puis \u00e9labor\u00e9s avec quelques id\u00e9es en t\u00eate : la fra\u00eecheur, le partage, la gourmandise, les vacances. Prendre son Ros\u00e9, une belle nappe, des victuailles et se poser tranquillement. \u00a0\u00a0A deux ou \u00e0 plusieurs * et qu\u2019importe le d\u00e9cor, boire l\u2019un de ses Ros\u00e9s\u00a0 de Provence \u00ab By S\u00e9bastien Laffitte \u00bb, c\u2019est d\u00e9j\u00e0 partir en vacances ! Les Ros\u00e9s de S\u00e9bastien Laffitte sont produits \u00e0 Monfort-sur-Argens et \u00e0 Val, au c\u0153ur de la Provence verte et de ses terres argilo-calcaires. Oenologue r\u00e9put\u00e9e et directrice technique des Caves du Commandeur, Val\u00e9rie Courr\u00e8ges collabore depuis quelques ann\u00e9es d\u00e9j\u00e0 avec S\u00e9bastien Laffitte pour l&rsquo;ensemble de ses ros\u00e9s.<\/em><\/p>\n<p>&nbsp;<\/p>\n<ol>\n<li>\n<h4><strong>Le Ros\u00e9 de provence XXII de S\u00e9bastien Laffitte mill\u00e9sime 2019 &#8211; Collection essentielle<\/strong><\/h4>\n<\/li>\n<\/ol>\n<p><em>Ros\u00e9 AOP c\u00f4tes de Provence en biodynamie<\/em><\/p>\n<h4><strong>Le 22 juin, originellement journ\u00e9e internationale du ros\u00e9, est lanc\u00e9 le \u00ab\u00a0XXII \u00bb By S\u00e9bastien Laffitte sommelier, mill\u00e9sime 2019. Le premier ros\u00e9 biologique, produit en collaboration avec Val\u00e9rie Courr\u00e8ges au Ch\u00e2teau Fontainebleau du Var. C\u2019est le premier vin de S\u00e9bastien Laffitte en biodynamie. \u00a0Ce Ros\u00e9 est propos\u00e9 en prix public \u00e0 11.95 \u20ac. Pour le commander, il suffit d\u2019aller sur la boutique et de cliquer sur : \u00a0<a href=\"https:\/\/www.bysebastienlaffitte-sommelier.com\/product-page\/xxii-ros%C3%A9-2019-c%C3%B4tes-de-provence-75cl\">XXII<\/a><\/strong><\/h4>\n<p>C\u2019est bien entendu le cas avec ce tout dernier \u00ab XXII \u00bb, chiffre \u00f4 combien symbolique. Il symbolise un esprit visionnaire, innovant, cr\u00e9atif. La t\u00eate dans les nuages mais les pieds bien ancr\u00e9s dans la terre ! \u00a0Le chiffre 22 est \u00e9galement un porte-bonheur.<\/p>\n<h5><strong>Une collaboration avec Val\u00e9rie Courr\u00e8ges pour les Cuv\u00e9es<\/strong><\/h5>\n<p>Pour le XXII, Val\u00e9rie Courr\u00e8ges et S\u00e9bastien Laffitte souhaitaient un vin issu du Ch\u00e2teau : biologique, \u00e9quilibr\u00e9, avec une pointe de gourmandise, tr\u00e8s frais. L\u2019\u00e9l\u00e9gance de la bouteille au long col met en valeur la subtile couleur saumon\u00e9e poudr\u00e9e.\u00a0 Une \u00e9tiquette en noir et blanc souligne l\u2019empreinte de la main de S\u00e9bastien Laffitte, c\u2019est en quelque sorte le sceau qu\u2019il appose sur cette cuv\u00e9e.<\/p>\n<h5><strong>Un ros\u00e9 de Provence\u00a0 bio frais et impertinent\u00a0<\/strong><\/h5>\n<p>Le \u201c\u00a0XXII\u201d By\u00a0S\u00e9bastien Laffitte mill\u00e9sime 2019 est un vin tout en fra\u00eecheur et impertinence. Ses ar\u00f4mes de fleurs blanches et sa petite pointe d\u2019\u00e9pices et de fruits rouges, sa min\u00e9ralit\u00e9 et ses notes d\u2019agrumes acidul\u00e9es en font un vin id\u00e9al avec les salades d\u2019\u00e9t\u00e9, les poissons de M\u00e9diterran\u00e9e, les salades de ch\u00e8vre de Provence et m\u00eame une petite volaille sucr\u00e9e-sal\u00e9e. Il est agr\u00e9able avec des gyozas japonais ou des raviolis chinois et les plats doucement \u00e9pic\u00e9s.<\/p>\n<h4><strong><img loading=\"lazy\" decoding=\"async\" class=\"size-large wp-image-4594 alignleft\" src=\"http:\/\/mp-c.eu\/agence\/wp-content\/uploads\/2020\/07\/IMG_2323-A-1-333x500.jpg\" alt=\"\" width=\"333\" height=\"500\" srcset=\"https:\/\/mp-c.eu\/agence\/wp-content\/uploads\/2020\/07\/IMG_2323-A-1-333x500.jpg 333w, https:\/\/mp-c.eu\/agence\/wp-content\/uploads\/2020\/07\/IMG_2323-A-1-200x300.jpg 200w, https:\/\/mp-c.eu\/agence\/wp-content\/uploads\/2020\/07\/IMG_2323-A-1-1024x1536.jpg 1024w, https:\/\/mp-c.eu\/agence\/wp-content\/uploads\/2020\/07\/IMG_2323-A-1-400x600.jpg 400w, https:\/\/mp-c.eu\/agence\/wp-content\/uploads\/2020\/07\/IMG_2323-A-1-600x900.jpg 600w, https:\/\/mp-c.eu\/agence\/wp-content\/uploads\/2020\/07\/IMG_2323-A-1-800x1200.jpg 800w, https:\/\/mp-c.eu\/agence\/wp-content\/uploads\/2020\/07\/IMG_2323-A-1-1200x1800.jpg 1200w, https:\/\/mp-c.eu\/agence\/wp-content\/uploads\/2020\/07\/IMG_2323-A-1.jpg 1280w\" sizes=\"(max-width: 333px) 100vw, 333px\" \/>Fiche technique<\/strong><\/h4>\n<p>Pays : France \u2013 Couleur :\u00a0Ros\u00e9 &#8211; Appellation : AOP\u00a0C\u00f4tes de Provence \u2013 Val &#8211; Mill\u00e9sime :\u00a02019 \u2013<\/p>\n<p>C\u00e9pages : 80 % Grenache &#8211; 20 % Cinsault \u2013<\/p>\n<p>R\u00e9gion\u00a0: \u00a0C\u00f4tes de Provence &#8211; Val &#8211; Type de culture :\u00a0biologique \u2013<\/p>\n<p>Contenance\u00a0:\u00a0 75 Cl \u2013 Magnum &#8211; Conservation : 4 ans\u00a0&#8211;<\/p>\n<p>D\u00e9gustation :\u00a0 Entre 8\u00b0 et 10\u00b0 &#8211; Degr\u00e9 d&rsquo;alcool :\u00a0 13\u00b0 &#8211; Prix public : 11.95 \u20ac &#8211; 25 \u20ac le magnum<\/p>\n<p>En savoir plus\u00a0? <a href=\"https:\/\/www.bysebastienlaffitte-sommelier.com\/product-page\/xxii-ros%C3%A9-2019-c%C3%B4tes-de-provence-75cl\">Cliquez ici<\/a><\/p>\n<p>&nbsp;<\/p>\n<p>&nbsp;<\/p>\n<p>&nbsp;<\/p>\n<p>&nbsp;<\/p>\n<p>&nbsp;<\/p>\n<p>&nbsp;<\/p>\n<p>&nbsp;<\/p>\n<h4><strong>2. Le Ros\u00e9 \u00ab S \u00bb de S\u00e9bastien Laffitte mill\u00e9sime 2019<\/strong><\/h4>\n<p><em>Simplement exceptionnel<\/em><\/p>\n<h4><strong>Le 11 mai, jour du d\u00e9confinement, est lanc\u00e9 le \u00ab S \u00bb By S\u00e9bastien Laffitte Ros\u00e9, mill\u00e9sime 2019. Un Ros\u00e9\u00a0 de Provence \u00e0 la robe rose saumon\u00e9e p\u00e2le, avec des nuances \u00e9tincelantes et cristalline, sensuel, toute en gourmandise et en d\u00e9licatesse.\u00a0 Un vin qui \u00e9voque, les vacances et la d\u00e9tente o\u00f9 que l\u2019on soit.\u00a0 Pour c\u00e9l\u00e9brer le #d\u00e9confinement, sorte de vacances avant l\u2019heure, ce Ros\u00e9 initialement \u00e0 20 \u20ac est propos\u00e9 en prix public \u00e0 12.95 \u20ac comme toute la gamme des ros\u00e9s. Pour le commander, il suffit d\u2019aller \u00e0 la boutique et de cliquer sur : <\/strong><a href=\"https:\/\/www.bysebastienlaffitte-sommelier.com\/product-page\/s-ros%C3%A9-2019-c%C3%B4tes-de-provence-75cl\"><strong>Ros\u00e9 \u00ab\u00a0S\u00a0\u00bb 2019<\/strong><\/a><\/h4>\n<p>&nbsp;<\/p>\n<h5><strong>Un vin sensuel, frais et onctueux <\/strong><\/h5>\n<p>Le \u201c S\u201d By S\u00e9bastien Laffitte mill\u00e9sime 2019 est un vin sensuel, comme une cascade de perles que l\u2019on boirait : frais, sensuel et onctueux tout \u00e0 la fois. La gourmandise de ses ar\u00f4mes de fraises et de framboise ; la sensualit\u00e9 des \u00e9pices de poivre blanc et de baies roses, la subtilit\u00e9 des notes florales mari\u00e9e \u00e0 des notes d\u2019agrumes. Une large palette aromatique tr\u00e8s bien \u00e9quilibr\u00e9e et tr\u00e8s d\u00e9licate.<\/p>\n<p>Voil\u00e0 ce qu\u2019en dit S\u00e9bastien Laffitte lui-m\u00eame\u00a0:\u00a0 <a href=\"https:\/\/youtu.be\/2_fOF02J4UU\">https:\/\/youtu.be\/2_fOF02J4UU<\/a><\/p>\n<p>&nbsp;<\/p>\n<h3><strong><img loading=\"lazy\" decoding=\"async\" class=\"size-large wp-image-4595 alignright\" src=\"http:\/\/mp-c.eu\/agence\/wp-content\/uploads\/2020\/07\/IMG_2452-A-326x500.jpg\" alt=\"\" width=\"326\" height=\"500\" srcset=\"https:\/\/mp-c.eu\/agence\/wp-content\/uploads\/2020\/07\/IMG_2452-A-326x500.jpg 326w, https:\/\/mp-c.eu\/agence\/wp-content\/uploads\/2020\/07\/IMG_2452-A-196x300.jpg 196w, https:\/\/mp-c.eu\/agence\/wp-content\/uploads\/2020\/07\/IMG_2452-A-1002x1536.jpg 1002w, https:\/\/mp-c.eu\/agence\/wp-content\/uploads\/2020\/07\/IMG_2452-A-200x307.jpg 200w, https:\/\/mp-c.eu\/agence\/wp-content\/uploads\/2020\/07\/IMG_2452-A-400x613.jpg 400w, https:\/\/mp-c.eu\/agence\/wp-content\/uploads\/2020\/07\/IMG_2452-A-600x920.jpg 600w, https:\/\/mp-c.eu\/agence\/wp-content\/uploads\/2020\/07\/IMG_2452-A-800x1227.jpg 800w, https:\/\/mp-c.eu\/agence\/wp-content\/uploads\/2020\/07\/IMG_2452-A-1200x1840.jpg 1200w, https:\/\/mp-c.eu\/agence\/wp-content\/uploads\/2020\/07\/IMG_2452-A.jpg 1252w\" sizes=\"(max-width: 326px) 100vw, 326px\" \/>Fiche technique<\/strong><\/h3>\n<ul>\n<li>Pays: France<\/li>\n<li>Couleur:\u00a0Ros\u00e9<\/li>\n<li>Appellation : AOP\u00a0C\u00f4tes de Provence \u2013 Monfort-sur-Argens<\/li>\n<li>Mill\u00e9sime :\u00a02019<\/li>\n<li>C\u00e9page : 70 % Grenache &#8211; 30 % Cinsault<\/li>\n<li>R\u00e9gion\u00a0: \u00a0C\u00f4tes de Provence &#8211; Montfort sur Argens<\/li>\n<li>Type de culture\u00a0:\u00a0Raisonn\u00e9e<\/li>\n<li>Contenance\u00a0:\u00a0 75 Cl &#8211; Magnum<\/li>\n<li>Conservation\u00a0: 4 ans<\/li>\n<li>D\u00e9gustation :\u00a0 Entre 8\u00b0 et 10\u00b0<\/li>\n<li>Degr\u00e9 d&rsquo;alcool :\u00a0 13.5<\/li>\n<li>Prix public : 20 \u20ac<\/li>\n<\/ul>\n<p>&nbsp;<\/p>\n<p>&nbsp;<\/p>\n<p>&nbsp;<\/p>\n<p>&nbsp;<\/p>\n<h4>Pour conclure :<\/h4>\n<p><i>S\u2019il y a un mot qu\u2019il faut accoler \u00e0 mes vins, c\u2019est bonheur !\u00a0\u00a0 Le Ros\u00e9, c\u2019est le vin du partage et de la convivialit\u00e9 par excellence. Apr\u00e8s ces jours de confinement et parfois de solitude,\u00a0 prendre le temps de les d\u00e9guster, \u00e0 deux ou \u00e0 plusieurs, ** est synonyme de bonheur et de plaisirs.\u00a0 <\/i>S\u00e9bastien Laffitte<\/p>\n<p>&nbsp;<\/p>\n<h4>Et pour en savoir davantage\u00a0 sur les ros\u00e9s By S\u00e9bastien Laffitte Sommelier ?<\/h4>\n<p>Pour lire le dossier de presse : <a href=\"http:\/\/mp-c.eu\/agence\/wp-content\/uploads\/2020\/07\/Roses_Dossier_de_presse_BSLS_juin_2020-VF.pdf\" target=\"_blank\" rel=\"noopener noreferrer\">cliquez ici<\/a><\/p>\n<p>Pour t\u00e9l\u00e9charger le communiqu\u00e9 du XXII : <a href=\"http:\/\/mp-c.eu\/agence\/wp-content\/uploads\/2020\/07\/CP-le-XXII-VF.pdf\" target=\"_blank\" rel=\"noopener noreferrer\">cliquez<\/a><\/p>\n<p>Lire l&rsquo;int\u00e9gralit\u00e9 du communiqu\u00e9 du \u00ab\u00a0S\u00a0\u00bb 2019 : <a href=\"http:\/\/mp-c.eu\/agence\/wp-content\/uploads\/2020\/07\/CP_le-Ros\u00e9-S-BSLS_-2019.pdf\" target=\"_blank\" rel=\"noopener noreferrer\">c&rsquo;est ici<\/a><\/p>\n<p>&nbsp;<\/p>\n<p>*A consommer avec mod\u00e9ration &#8211; l&rsquo;abus d&rsquo;alcool est dangereux<\/p>\n<p>** en respectant les gestes protecteurs<\/p>\n","protected":false},"excerpt":{"rendered":"<p>Le ros\u00e9 de Provence\u00a0 ?\u00a0 C&rsquo;est d\u00e9j\u00e0 les vacances !* Ses Ros\u00e9s, S\u00e9bastien Laffitte, les a imagin\u00e9s puis \u00e9labor\u00e9s avec quelques id\u00e9es en t\u00eate : la fra\u00eecheur, le partage, la gourmandise, les vacances. Prendre son Ros\u00e9, une belle nappe, des victuailles et se poser tranquillement. \u00a0\u00a0A deux ou \u00e0 plusieurs * et qu\u2019importe le d\u00e9cor, [&hellip;]<\/p>\n","protected":false},"author":1,"featured_media":0,"comment_status":"open","ping_status":"open","sticky":false,"template":"","format":"standard","meta":{"_acf_changed":false,"_et_pb_use_builder":"","_et_pb_old_content":"","_et_gb_content_width":"","_exactmetrics_skip_tracking":false,"_exactmetrics_sitenote_active":false,"_exactmetrics_sitenote_note":"","_exactmetrics_sitenote_category":0,"footnotes":""},"categories":[1],"tags":[385,1672,1708,201,1793,1792,1790,1789,1786,1747,917,1788,1114,1787,1342,1791],"class_list":["post-4591","post","type-post","status-publish","format-standard","hentry","category-divers","tag-ete","tag-amoureux-des-vins","tag-aromes","tag-collaboration","tag-collection-absolu","tag-collection-essentielle","tag-notes","tag-provence-verte","tag-rose-de-provence","tag-roses","tag-s","tag-sommeleier","tag-vacances","tag-valerie-courreges-oenologue","tag-vigneron","tag-xxii"],"acf":[],"yoast_head":"<!-- This site is optimized with the Yoast SEO plugin v26.5 - https:\/\/yoast.com\/wordpress\/plugins\/seo\/ -->\n<title>Le Ros\u00e9 de Provence By S\u00e9bastien Laffitte : un art de vivre ! - MPC<\/title>\n<meta name=\"description\" content=\"Boire les Ros\u00e9s de Provence produits par S\u00e9bastien Laffitte avec la collaboration de Val\u00e9rie Courr\u00e8ges, oenologue r\u00e9put\u00e9e, c&#039;est d\u00e9j\u00e0 partir en vacances\" \/>\n<meta name=\"robots\" content=\"index, follow, max-snippet:-1, max-image-preview:large, max-video-preview:-1\" \/>\n<link rel=\"canonical\" href=\"https:\/\/mp-c.eu\/agence\/le-rose-de-provence-by-sebastien-laffitte-un-art-de-vivre\/\" \/>\n<meta property=\"og:locale\" content=\"fr_FR\" \/>\n<meta property=\"og:type\" content=\"article\" \/>\n<meta property=\"og:title\" content=\"Le Ros\u00e9 de Provence By S\u00e9bastien Laffitte : un art de vivre ! - MPC\" \/>\n<meta property=\"og:description\" content=\"Boire les Ros\u00e9s de Provence produits par S\u00e9bastien Laffitte avec la collaboration de Val\u00e9rie Courr\u00e8ges, oenologue r\u00e9put\u00e9e, c&#039;est d\u00e9j\u00e0 partir en vacances\" \/>\n<meta property=\"og:url\" content=\"https:\/\/mp-c.eu\/agence\/le-rose-de-provence-by-sebastien-laffitte-un-art-de-vivre\/\" \/>\n<meta property=\"og:site_name\" content=\"MPC\" \/>\n<meta property=\"article:publisher\" content=\"https:\/\/www.facebook.com\/agenceMPC\" \/>\n<meta property=\"article:published_time\" content=\"2020-07-03T18:06:51+00:00\" \/>\n<meta property=\"og:image\" content=\"https:\/\/mp-c.eu\/agence\/wp-content\/uploads\/2020\/07\/IMG_2431-A-333x500.jpg\" \/>\n\t<meta property=\"og:image:width\" content=\"333\" \/>\n\t<meta property=\"og:image:height\" content=\"500\" \/>\n\t<meta property=\"og:image:type\" content=\"image\/jpeg\" \/>\n<meta name=\"author\" content=\"MPCadm\" \/>\n<meta name=\"twitter:card\" content=\"summary_large_image\" \/>\n<meta name=\"twitter:image\" content=\"https:\/\/mp-c.eu\/agence\/wp-content\/uploads\/2020\/07\/IMG_2431-A.jpg\" \/>\n<meta name=\"twitter:creator\" content=\"@mapyntonga\" \/>\n<meta name=\"twitter:site\" content=\"@mapyntonga\" \/>\n<meta name=\"twitter:label1\" content=\"\u00c9crit par\" \/>\n\t<meta name=\"twitter:data1\" content=\"MPCadm\" \/>\n\t<meta name=\"twitter:label2\" content=\"Dur\u00e9e de lecture estim\u00e9e\" \/>\n\t<meta name=\"twitter:data2\" content=\"5 minutes\" \/>\n<script type=\"application\/ld+json\" class=\"yoast-schema-graph\">{\"@context\":\"https:\/\/schema.org\",\"@graph\":[{\"@type\":\"Article\",\"@id\":\"https:\/\/mp-c.eu\/agence\/le-rose-de-provence-by-sebastien-laffitte-un-art-de-vivre\/#article\",\"isPartOf\":{\"@id\":\"https:\/\/mp-c.eu\/agence\/le-rose-de-provence-by-sebastien-laffitte-un-art-de-vivre\/\"},\"author\":{\"name\":\"MPCadm\",\"@id\":\"https:\/\/mp-c.eu\/agence\/#\/schema\/person\/344f85a775d8d4fd7648d2b329ab51e0\"},\"headline\":\"Le Ros\u00e9 de Provence By S\u00e9bastien Laffitte : un art de vivre !\",\"datePublished\":\"2020-07-03T18:06:51+00:00\",\"mainEntityOfPage\":{\"@id\":\"https:\/\/mp-c.eu\/agence\/le-rose-de-provence-by-sebastien-laffitte-un-art-de-vivre\/\"},\"wordCount\":922,\"commentCount\":0,\"publisher\":{\"@id\":\"https:\/\/mp-c.eu\/agence\/#organization\"},\"image\":{\"@id\":\"https:\/\/mp-c.eu\/agence\/le-rose-de-provence-by-sebastien-laffitte-un-art-de-vivre\/#primaryimage\"},\"thumbnailUrl\":\"http:\/\/mp-c.eu\/agence\/wp-content\/uploads\/2020\/07\/IMG_2372-B-500x333.jpg\",\"keywords\":[\"\u00e9t\u00e9\",\"amoureux des vins\",\"ar\u00f4mes\",\"collaboration\",\"collection absolu\",\"collection essentielle\",\"notes\",\"provence verte\",\"Ros\u00e9 de provence\",\"ros\u00e9s\",\"s\",\"sommeleier\",\"vacances\",\"Val\u00e9rie Courr\u00e8ges Oenologue\",\"vigneron\",\"XXII\"],\"articleSection\":[\"Divers\"],\"inLanguage\":\"fr-FR\",\"potentialAction\":[{\"@type\":\"CommentAction\",\"name\":\"Comment\",\"target\":[\"https:\/\/mp-c.eu\/agence\/le-rose-de-provence-by-sebastien-laffitte-un-art-de-vivre\/#respond\"]}]},{\"@type\":\"WebPage\",\"@id\":\"https:\/\/mp-c.eu\/agence\/le-rose-de-provence-by-sebastien-laffitte-un-art-de-vivre\/\",\"url\":\"https:\/\/mp-c.eu\/agence\/le-rose-de-provence-by-sebastien-laffitte-un-art-de-vivre\/\",\"name\":\"Le Ros\u00e9 de Provence By S\u00e9bastien Laffitte : un art de vivre ! - MPC\",\"isPartOf\":{\"@id\":\"https:\/\/mp-c.eu\/agence\/#website\"},\"primaryImageOfPage\":{\"@id\":\"https:\/\/mp-c.eu\/agence\/le-rose-de-provence-by-sebastien-laffitte-un-art-de-vivre\/#primaryimage\"},\"image\":{\"@id\":\"https:\/\/mp-c.eu\/agence\/le-rose-de-provence-by-sebastien-laffitte-un-art-de-vivre\/#primaryimage\"},\"thumbnailUrl\":\"http:\/\/mp-c.eu\/agence\/wp-content\/uploads\/2020\/07\/IMG_2372-B-500x333.jpg\",\"datePublished\":\"2020-07-03T18:06:51+00:00\",\"description\":\"Boire les Ros\u00e9s de Provence produits par S\u00e9bastien Laffitte avec la collaboration de Val\u00e9rie Courr\u00e8ges, oenologue r\u00e9put\u00e9e, c'est d\u00e9j\u00e0 partir en vacances\",\"breadcrumb\":{\"@id\":\"https:\/\/mp-c.eu\/agence\/le-rose-de-provence-by-sebastien-laffitte-un-art-de-vivre\/#breadcrumb\"},\"inLanguage\":\"fr-FR\",\"potentialAction\":[{\"@type\":\"ReadAction\",\"target\":[\"https:\/\/mp-c.eu\/agence\/le-rose-de-provence-by-sebastien-laffitte-un-art-de-vivre\/\"]}]},{\"@type\":\"ImageObject\",\"inLanguage\":\"fr-FR\",\"@id\":\"https:\/\/mp-c.eu\/agence\/le-rose-de-provence-by-sebastien-laffitte-un-art-de-vivre\/#primaryimage\",\"url\":\"http:\/\/mp-c.eu\/agence\/wp-content\/uploads\/2020\/07\/IMG_2372-B-500x333.jpg\",\"contentUrl\":\"http:\/\/mp-c.eu\/agence\/wp-content\/uploads\/2020\/07\/IMG_2372-B-500x333.jpg\"},{\"@type\":\"BreadcrumbList\",\"@id\":\"https:\/\/mp-c.eu\/agence\/le-rose-de-provence-by-sebastien-laffitte-un-art-de-vivre\/#breadcrumb\",\"itemListElement\":[{\"@type\":\"ListItem\",\"position\":1,\"name\":\"Accueil\",\"item\":\"https:\/\/mp-c.eu\/agence\/\"},{\"@type\":\"ListItem\",\"position\":2,\"name\":\"Le Ros\u00e9 de Provence By S\u00e9bastien Laffitte : un art de vivre !\"}]},{\"@type\":\"WebSite\",\"@id\":\"https:\/\/mp-c.eu\/agence\/#website\",\"url\":\"https:\/\/mp-c.eu\/agence\/\",\"name\":\"MPC\",\"description\":\"Media Presse Communication - Marie-Pierre Medouga Ngikessi\",\"publisher\":{\"@id\":\"https:\/\/mp-c.eu\/agence\/#organization\"},\"potentialAction\":[{\"@type\":\"SearchAction\",\"target\":{\"@type\":\"EntryPoint\",\"urlTemplate\":\"https:\/\/mp-c.eu\/agence\/?s={search_term_string}\"},\"query-input\":{\"@type\":\"PropertyValueSpecification\",\"valueRequired\":true,\"valueName\":\"search_term_string\"}}],\"inLanguage\":\"fr-FR\"},{\"@type\":\"Organization\",\"@id\":\"https:\/\/mp-c.eu\/agence\/#organization\",\"name\":\"Media Presse & Communication\",\"url\":\"https:\/\/mp-c.eu\/agence\/\",\"logo\":{\"@type\":\"ImageObject\",\"inLanguage\":\"fr-FR\",\"@id\":\"https:\/\/mp-c.eu\/agence\/#\/schema\/logo\/image\/\",\"url\":\"https:\/\/mp-c.eu\/agence\/wp-content\/uploads\/2024\/09\/logo-MPC-HD-1.jpg\",\"contentUrl\":\"https:\/\/mp-c.eu\/agence\/wp-content\/uploads\/2024\/09\/logo-MPC-HD-1.jpg\",\"width\":680,\"height\":434,\"caption\":\"Media Presse & Communication\"},\"image\":{\"@id\":\"https:\/\/mp-c.eu\/agence\/#\/schema\/logo\/image\/\"},\"sameAs\":[\"https:\/\/www.facebook.com\/agenceMPC\",\"https:\/\/x.com\/mapyntonga\",\"https:\/\/www.linkedin.com\/in\/marie-pierre-medouga-ndjikessi-6b2a7645\"]},{\"@type\":\"Person\",\"@id\":\"https:\/\/mp-c.eu\/agence\/#\/schema\/person\/344f85a775d8d4fd7648d2b329ab51e0\",\"name\":\"MPCadm\",\"image\":{\"@type\":\"ImageObject\",\"inLanguage\":\"fr-FR\",\"@id\":\"https:\/\/mp-c.eu\/agence\/#\/schema\/person\/image\/\",\"url\":\"https:\/\/secure.gravatar.com\/avatar\/6c55f3109e0e2279c147d8bb3ab215e5?s=96&d=mm&r=g\",\"contentUrl\":\"https:\/\/secure.gravatar.com\/avatar\/6c55f3109e0e2279c147d8bb3ab215e5?s=96&d=mm&r=g\",\"caption\":\"MPCadm\"},\"url\":\"https:\/\/mp-c.eu\/agence\/author\/mpcadm\/\"}]}<\/script>\n<!-- \/ Yoast SEO plugin. -->","yoast_head_json":{"title":"Le Ros\u00e9 de Provence By S\u00e9bastien Laffitte : un art de vivre ! - MPC","description":"Boire les Ros\u00e9s de Provence produits par S\u00e9bastien Laffitte avec la collaboration de Val\u00e9rie Courr\u00e8ges, oenologue r\u00e9put\u00e9e, c'est d\u00e9j\u00e0 partir en vacances","robots":{"index":"index","follow":"follow","max-snippet":"max-snippet:-1","max-image-preview":"max-image-preview:large","max-video-preview":"max-video-preview:-1"},"canonical":"https:\/\/mp-c.eu\/agence\/le-rose-de-provence-by-sebastien-laffitte-un-art-de-vivre\/","og_locale":"fr_FR","og_type":"article","og_title":"Le Ros\u00e9 de Provence By S\u00e9bastien Laffitte : un art de vivre ! - MPC","og_description":"Boire les Ros\u00e9s de Provence produits par S\u00e9bastien Laffitte avec la collaboration de Val\u00e9rie Courr\u00e8ges, oenologue r\u00e9put\u00e9e, c'est d\u00e9j\u00e0 partir en vacances","og_url":"https:\/\/mp-c.eu\/agence\/le-rose-de-provence-by-sebastien-laffitte-un-art-de-vivre\/","og_site_name":"MPC","article_publisher":"https:\/\/www.facebook.com\/agenceMPC","article_published_time":"2020-07-03T18:06:51+00:00","og_image":[{"width":333,"height":500,"url":"https:\/\/mp-c.eu\/agence\/wp-content\/uploads\/2020\/07\/IMG_2431-A-333x500.jpg","type":"image\/jpeg"}],"author":"MPCadm","twitter_card":"summary_large_image","twitter_image":"https:\/\/mp-c.eu\/agence\/wp-content\/uploads\/2020\/07\/IMG_2431-A.jpg","twitter_creator":"@mapyntonga","twitter_site":"@mapyntonga","twitter_misc":{"\u00c9crit par":"MPCadm","Dur\u00e9e de lecture estim\u00e9e":"5 minutes"},"schema":{"@context":"https:\/\/schema.org","@graph":[{"@type":"Article","@id":"https:\/\/mp-c.eu\/agence\/le-rose-de-provence-by-sebastien-laffitte-un-art-de-vivre\/#article","isPartOf":{"@id":"https:\/\/mp-c.eu\/agence\/le-rose-de-provence-by-sebastien-laffitte-un-art-de-vivre\/"},"author":{"name":"MPCadm","@id":"https:\/\/mp-c.eu\/agence\/#\/schema\/person\/344f85a775d8d4fd7648d2b329ab51e0"},"headline":"Le Ros\u00e9 de Provence By S\u00e9bastien Laffitte : un art de vivre !","datePublished":"2020-07-03T18:06:51+00:00","mainEntityOfPage":{"@id":"https:\/\/mp-c.eu\/agence\/le-rose-de-provence-by-sebastien-laffitte-un-art-de-vivre\/"},"wordCount":922,"commentCount":0,"publisher":{"@id":"https:\/\/mp-c.eu\/agence\/#organization"},"image":{"@id":"https:\/\/mp-c.eu\/agence\/le-rose-de-provence-by-sebastien-laffitte-un-art-de-vivre\/#primaryimage"},"thumbnailUrl":"http:\/\/mp-c.eu\/agence\/wp-content\/uploads\/2020\/07\/IMG_2372-B-500x333.jpg","keywords":["\u00e9t\u00e9","amoureux des vins","ar\u00f4mes","collaboration","collection absolu","collection essentielle","notes","provence verte","Ros\u00e9 de provence","ros\u00e9s","s","sommeleier","vacances","Val\u00e9rie Courr\u00e8ges Oenologue","vigneron","XXII"],"articleSection":["Divers"],"inLanguage":"fr-FR","potentialAction":[{"@type":"CommentAction","name":"Comment","target":["https:\/\/mp-c.eu\/agence\/le-rose-de-provence-by-sebastien-laffitte-un-art-de-vivre\/#respond"]}]},{"@type":"WebPage","@id":"https:\/\/mp-c.eu\/agence\/le-rose-de-provence-by-sebastien-laffitte-un-art-de-vivre\/","url":"https:\/\/mp-c.eu\/agence\/le-rose-de-provence-by-sebastien-laffitte-un-art-de-vivre\/","name":"Le Ros\u00e9 de Provence By S\u00e9bastien Laffitte : un art de vivre ! - MPC","isPartOf":{"@id":"https:\/\/mp-c.eu\/agence\/#website"},"primaryImageOfPage":{"@id":"https:\/\/mp-c.eu\/agence\/le-rose-de-provence-by-sebastien-laffitte-un-art-de-vivre\/#primaryimage"},"image":{"@id":"https:\/\/mp-c.eu\/agence\/le-rose-de-provence-by-sebastien-laffitte-un-art-de-vivre\/#primaryimage"},"thumbnailUrl":"http:\/\/mp-c.eu\/agence\/wp-content\/uploads\/2020\/07\/IMG_2372-B-500x333.jpg","datePublished":"2020-07-03T18:06:51+00:00","description":"Boire les Ros\u00e9s de Provence produits par S\u00e9bastien Laffitte avec la collaboration de Val\u00e9rie Courr\u00e8ges, oenologue r\u00e9put\u00e9e, c'est d\u00e9j\u00e0 partir en vacances","breadcrumb":{"@id":"https:\/\/mp-c.eu\/agence\/le-rose-de-provence-by-sebastien-laffitte-un-art-de-vivre\/#breadcrumb"},"inLanguage":"fr-FR","potentialAction":[{"@type":"ReadAction","target":["https:\/\/mp-c.eu\/agence\/le-rose-de-provence-by-sebastien-laffitte-un-art-de-vivre\/"]}]},{"@type":"ImageObject","inLanguage":"fr-FR","@id":"https:\/\/mp-c.eu\/agence\/le-rose-de-provence-by-sebastien-laffitte-un-art-de-vivre\/#primaryimage","url":"http:\/\/mp-c.eu\/agence\/wp-content\/uploads\/2020\/07\/IMG_2372-B-500x333.jpg","contentUrl":"http:\/\/mp-c.eu\/agence\/wp-content\/uploads\/2020\/07\/IMG_2372-B-500x333.jpg"},{"@type":"BreadcrumbList","@id":"https:\/\/mp-c.eu\/agence\/le-rose-de-provence-by-sebastien-laffitte-un-art-de-vivre\/#breadcrumb","itemListElement":[{"@type":"ListItem","position":1,"name":"Accueil","item":"https:\/\/mp-c.eu\/agence\/"},{"@type":"ListItem","position":2,"name":"Le Ros\u00e9 de Provence By S\u00e9bastien Laffitte : un art de vivre !"}]},{"@type":"WebSite","@id":"https:\/\/mp-c.eu\/agence\/#website","url":"https:\/\/mp-c.eu\/agence\/","name":"MPC","description":"Media Presse Communication - Marie-Pierre Medouga Ngikessi","publisher":{"@id":"https:\/\/mp-c.eu\/agence\/#organization"},"potentialAction":[{"@type":"SearchAction","target":{"@type":"EntryPoint","urlTemplate":"https:\/\/mp-c.eu\/agence\/?s={search_term_string}"},"query-input":{"@type":"PropertyValueSpecification","valueRequired":true,"valueName":"search_term_string"}}],"inLanguage":"fr-FR"},{"@type":"Organization","@id":"https:\/\/mp-c.eu\/agence\/#organization","name":"Media Presse & Communication","url":"https:\/\/mp-c.eu\/agence\/","logo":{"@type":"ImageObject","inLanguage":"fr-FR","@id":"https:\/\/mp-c.eu\/agence\/#\/schema\/logo\/image\/","url":"https:\/\/mp-c.eu\/agence\/wp-content\/uploads\/2024\/09\/logo-MPC-HD-1.jpg","contentUrl":"https:\/\/mp-c.eu\/agence\/wp-content\/uploads\/2024\/09\/logo-MPC-HD-1.jpg","width":680,"height":434,"caption":"Media Presse & Communication"},"image":{"@id":"https:\/\/mp-c.eu\/agence\/#\/schema\/logo\/image\/"},"sameAs":["https:\/\/www.facebook.com\/agenceMPC","https:\/\/x.com\/mapyntonga","https:\/\/www.linkedin.com\/in\/marie-pierre-medouga-ndjikessi-6b2a7645"]},{"@type":"Person","@id":"https:\/\/mp-c.eu\/agence\/#\/schema\/person\/344f85a775d8d4fd7648d2b329ab51e0","name":"MPCadm","image":{"@type":"ImageObject","inLanguage":"fr-FR","@id":"https:\/\/mp-c.eu\/agence\/#\/schema\/person\/image\/","url":"https:\/\/secure.gravatar.com\/avatar\/6c55f3109e0e2279c147d8bb3ab215e5?s=96&d=mm&r=g","contentUrl":"https:\/\/secure.gravatar.com\/avatar\/6c55f3109e0e2279c147d8bb3ab215e5?s=96&d=mm&r=g","caption":"MPCadm"},"url":"https:\/\/mp-c.eu\/agence\/author\/mpcadm\/"}]}},"_links":{"self":[{"href":"https:\/\/mp-c.eu\/agence\/wp-json\/wp\/v2\/posts\/4591","targetHints":{"allow":["GET"]}}],"collection":[{"href":"https:\/\/mp-c.eu\/agence\/wp-json\/wp\/v2\/posts"}],"about":[{"href":"https:\/\/mp-c.eu\/agence\/wp-json\/wp\/v2\/types\/post"}],"author":[{"embeddable":true,"href":"https:\/\/mp-c.eu\/agence\/wp-json\/wp\/v2\/users\/1"}],"replies":[{"embeddable":true,"href":"https:\/\/mp-c.eu\/agence\/wp-json\/wp\/v2\/comments?post=4591"}],"version-history":[{"count":3,"href":"https:\/\/mp-c.eu\/agence\/wp-json\/wp\/v2\/posts\/4591\/revisions"}],"predecessor-version":[{"id":4598,"href":"https:\/\/mp-c.eu\/agence\/wp-json\/wp\/v2\/posts\/4591\/revisions\/4598"}],"wp:attachment":[{"href":"https:\/\/mp-c.eu\/agence\/wp-json\/wp\/v2\/media?parent=4591"}],"wp:term":[{"taxonomy":"category","embeddable":true,"href":"https:\/\/mp-c.eu\/agence\/wp-json\/wp\/v2\/categories?post=4591"},{"taxonomy":"post_tag","embeddable":true,"href":"https:\/\/mp-c.eu\/agence\/wp-json\/wp\/v2\/tags?post=4591"}],"curies":[{"name":"wp","href":"https:\/\/api.w.org\/{rel}","templated":true}]}}