{"id":47,"date":"2015-10-27T10:55:53","date_gmt":"2015-10-27T09:55:53","guid":{"rendered":"http:\/\/mp-c.eu\/agence\/?p=47"},"modified":"2024-12-09T00:45:31","modified_gmt":"2024-12-08T23:45:31","slug":"56-des-francais-font-confiance-aux-associations","status":"publish","type":"post","link":"https:\/\/mp-c.eu\/agence\/56-des-francais-font-confiance-aux-associations\/","title":{"rendered":"56% des Fran\u00e7ais font confiance aux associations"},"content":{"rendered":"<p>A l\u2019heure o\u00f9 des milliers de r\u00e9fugi\u00e9s affluent dans toute l\u2019Europe, la mobilisation des associations et fondations pour la prise en charge des missions de caract\u00e8re soci\u00e9tal est plus que jamais d\u2019actualit\u00e9. Dans un environnement marqu\u00e9 par le doute, les enseignements de cette 8\u00e8me \u00e9dition sont d\u2019autant plus int\u00e9ressants : Pr\u00e8s d\u20191 Fran\u00e7ais sur 2 fait davantage confiance aux associations qu\u2019\u00e0 l\u2019Etat pour prendre en charge un champ de plus en plus large de missions d\u2019int\u00e9r\u00eat collectif. 56 % des Fran\u00e7ais expriment leur confiance dans les associations et fondations qui font appel \u00e0 la g\u00e9n\u00e9rosit\u00e9 du public (78 % chez les donateurs tr\u00e8s r\u00e9guliers), mais avec un b\u00e9mol sur le traitement des situations d\u2019urgence (moins de 50 %). Le label \u00ab\u00a0Don en confiance\u00a0\u00bb peut jouer un r\u00f4le d\u2019incitation au don et de renforcement de la confiance pour 40 % des fran\u00e7ais.<\/p>\n<p>&nbsp;<\/p>\n","protected":false},"excerpt":{"rendered":"<p>A l\u2019heure o\u00f9 des milliers de r\u00e9fugi\u00e9s affluent dans toute l\u2019Europe, la mobilisation des associations et fondations pour la prise en charge des missions de caract\u00e8re soci\u00e9tal est plus que jamais d\u2019actualit\u00e9. Dans un environnement marqu\u00e9 par le doute, les enseignements de cette 8\u00e8me \u00e9dition sont d\u2019autant plus int\u00e9ressants : Pr\u00e8s d\u20191 Fran\u00e7ais sur 2 [&hellip;]<\/p>\n","protected":false},"author":1,"featured_media":152,"comment_status":"open","ping_status":"open","sticky":false,"template":"","format":"standard","meta":{"_acf_changed":false,"_et_pb_use_builder":"","_et_pb_old_content":"","_et_gb_content_width":"","_exactmetrics_skip_tracking":false,"_exactmetrics_sitenote_active":false,"_exactmetrics_sitenote_note":"","_exactmetrics_sitenote_category":0,"footnotes":""},"categories":[2166],"tags":[27,26],"class_list":["post-47","post","type-post","status-publish","format-standard","has-post-thumbnail","hentry","category-vision-rp","tag-confiance","tag-statistiques"],"acf":[],"yoast_head":"<!-- This site is optimized with the Yoast SEO plugin v26.5 - https:\/\/yoast.com\/wordpress\/plugins\/seo\/ -->\n<title>56% des Fran\u00e7ais font confiance aux associations - MPC<\/title>\n<meta name=\"robots\" content=\"index, follow, max-snippet:-1, max-image-preview:large, max-video-preview:-1\" \/>\n<link rel=\"canonical\" href=\"https:\/\/mp-c.eu\/agence\/56-des-francais-font-confiance-aux-associations\/\" \/>\n<meta property=\"og:locale\" content=\"fr_FR\" \/>\n<meta property=\"og:type\" content=\"article\" \/>\n<meta property=\"og:title\" content=\"56% des Fran\u00e7ais font confiance aux associations - MPC\" \/>\n<meta property=\"og:description\" content=\"A l\u2019heure o\u00f9 des milliers de r\u00e9fugi\u00e9s affluent dans toute l\u2019Europe, la mobilisation des associations et fondations pour la prise en charge des missions de caract\u00e8re soci\u00e9tal est plus que jamais d\u2019actualit\u00e9. Dans un environnement marqu\u00e9 par le doute, les enseignements de cette 8\u00e8me \u00e9dition sont d\u2019autant plus int\u00e9ressants : Pr\u00e8s d\u20191 Fran\u00e7ais sur 2 [&hellip;]\" \/>\n<meta property=\"og:url\" content=\"https:\/\/mp-c.eu\/agence\/56-des-francais-font-confiance-aux-associations\/\" \/>\n<meta property=\"og:site_name\" content=\"MPC\" \/>\n<meta property=\"article:publisher\" content=\"https:\/\/www.facebook.com\/agenceMPC\" \/>\n<meta property=\"article:published_time\" content=\"2015-10-27T09:55:53+00:00\" \/>\n<meta property=\"article:modified_time\" content=\"2024-12-08T23:45:31+00:00\" \/>\n<meta property=\"og:image\" content=\"https:\/\/mp-c.eu\/agence\/wp-content\/uploads\/2015\/10\/monde_associatif-e1452170980164.jpg\" \/>\n\t<meta property=\"og:image:width\" content=\"400\" \/>\n\t<meta property=\"og:image:height\" content=\"267\" \/>\n\t<meta property=\"og:image:type\" content=\"image\/jpeg\" \/>\n<meta name=\"author\" content=\"MPCadm\" \/>\n<meta name=\"twitter:card\" content=\"summary_large_image\" \/>\n<meta name=\"twitter:creator\" content=\"@mapyntonga\" \/>\n<meta name=\"twitter:site\" content=\"@mapyntonga\" \/>\n<meta name=\"twitter:label1\" content=\"\u00c9crit par\" \/>\n\t<meta name=\"twitter:data1\" content=\"MPCadm\" \/>\n\t<meta name=\"twitter:label2\" content=\"Dur\u00e9e de lecture estim\u00e9e\" \/>\n\t<meta name=\"twitter:data2\" content=\"1 minute\" \/>\n<script type=\"application\/ld+json\" class=\"yoast-schema-graph\">{\"@context\":\"https:\/\/schema.org\",\"@graph\":[{\"@type\":\"Article\",\"@id\":\"https:\/\/mp-c.eu\/agence\/56-des-francais-font-confiance-aux-associations\/#article\",\"isPartOf\":{\"@id\":\"https:\/\/mp-c.eu\/agence\/56-des-francais-font-confiance-aux-associations\/\"},\"author\":{\"name\":\"MPCadm\",\"@id\":\"https:\/\/mp-c.eu\/agence\/#\/schema\/person\/344f85a775d8d4fd7648d2b329ab51e0\"},\"headline\":\"56% des Fran\u00e7ais font confiance aux associations\",\"datePublished\":\"2015-10-27T09:55:53+00:00\",\"dateModified\":\"2024-12-08T23:45:31+00:00\",\"mainEntityOfPage\":{\"@id\":\"https:\/\/mp-c.eu\/agence\/56-des-francais-font-confiance-aux-associations\/\"},\"wordCount\":163,\"commentCount\":0,\"publisher\":{\"@id\":\"https:\/\/mp-c.eu\/agence\/#organization\"},\"image\":{\"@id\":\"https:\/\/mp-c.eu\/agence\/56-des-francais-font-confiance-aux-associations\/#primaryimage\"},\"thumbnailUrl\":\"https:\/\/mp-c.eu\/agence\/wp-content\/uploads\/2015\/10\/monde_associatif-e1452170980164.jpg\",\"keywords\":[\"confiance\",\"statistiques\"],\"articleSection\":[\"Vision RP\"],\"inLanguage\":\"fr-FR\",\"potentialAction\":[{\"@type\":\"CommentAction\",\"name\":\"Comment\",\"target\":[\"https:\/\/mp-c.eu\/agence\/56-des-francais-font-confiance-aux-associations\/#respond\"]}]},{\"@type\":\"WebPage\",\"@id\":\"https:\/\/mp-c.eu\/agence\/56-des-francais-font-confiance-aux-associations\/\",\"url\":\"https:\/\/mp-c.eu\/agence\/56-des-francais-font-confiance-aux-associations\/\",\"name\":\"56% des Fran\u00e7ais font confiance aux associations - MPC\",\"isPartOf\":{\"@id\":\"https:\/\/mp-c.eu\/agence\/#website\"},\"primaryImageOfPage\":{\"@id\":\"https:\/\/mp-c.eu\/agence\/56-des-francais-font-confiance-aux-associations\/#primaryimage\"},\"image\":{\"@id\":\"https:\/\/mp-c.eu\/agence\/56-des-francais-font-confiance-aux-associations\/#primaryimage\"},\"thumbnailUrl\":\"https:\/\/mp-c.eu\/agence\/wp-content\/uploads\/2015\/10\/monde_associatif-e1452170980164.jpg\",\"datePublished\":\"2015-10-27T09:55:53+00:00\",\"dateModified\":\"2024-12-08T23:45:31+00:00\",\"breadcrumb\":{\"@id\":\"https:\/\/mp-c.eu\/agence\/56-des-francais-font-confiance-aux-associations\/#breadcrumb\"},\"inLanguage\":\"fr-FR\",\"potentialAction\":[{\"@type\":\"ReadAction\",\"target\":[\"https:\/\/mp-c.eu\/agence\/56-des-francais-font-confiance-aux-associations\/\"]}]},{\"@type\":\"ImageObject\",\"inLanguage\":\"fr-FR\",\"@id\":\"https:\/\/mp-c.eu\/agence\/56-des-francais-font-confiance-aux-associations\/#primaryimage\",\"url\":\"https:\/\/mp-c.eu\/agence\/wp-content\/uploads\/2015\/10\/monde_associatif-e1452170980164.jpg\",\"contentUrl\":\"https:\/\/mp-c.eu\/agence\/wp-content\/uploads\/2015\/10\/monde_associatif-e1452170980164.jpg\",\"width\":400,\"height\":267},{\"@type\":\"BreadcrumbList\",\"@id\":\"https:\/\/mp-c.eu\/agence\/56-des-francais-font-confiance-aux-associations\/#breadcrumb\",\"itemListElement\":[{\"@type\":\"ListItem\",\"position\":1,\"name\":\"Accueil\",\"item\":\"https:\/\/mp-c.eu\/agence\/\"},{\"@type\":\"ListItem\",\"position\":2,\"name\":\"56% des Fran\u00e7ais font confiance aux associations\"}]},{\"@type\":\"WebSite\",\"@id\":\"https:\/\/mp-c.eu\/agence\/#website\",\"url\":\"https:\/\/mp-c.eu\/agence\/\",\"name\":\"MPC\",\"description\":\"Media Presse Communication - Marie-Pierre Medouga Ngikessi\",\"publisher\":{\"@id\":\"https:\/\/mp-c.eu\/agence\/#organization\"},\"potentialAction\":[{\"@type\":\"SearchAction\",\"target\":{\"@type\":\"EntryPoint\",\"urlTemplate\":\"https:\/\/mp-c.eu\/agence\/?s={search_term_string}\"},\"query-input\":{\"@type\":\"PropertyValueSpecification\",\"valueRequired\":true,\"valueName\":\"search_term_string\"}}],\"inLanguage\":\"fr-FR\"},{\"@type\":\"Organization\",\"@id\":\"https:\/\/mp-c.eu\/agence\/#organization\",\"name\":\"Media Presse & Communication\",\"url\":\"https:\/\/mp-c.eu\/agence\/\",\"logo\":{\"@type\":\"ImageObject\",\"inLanguage\":\"fr-FR\",\"@id\":\"https:\/\/mp-c.eu\/agence\/#\/schema\/logo\/image\/\",\"url\":\"https:\/\/mp-c.eu\/agence\/wp-content\/uploads\/2024\/09\/logo-MPC-HD-1.jpg\",\"contentUrl\":\"https:\/\/mp-c.eu\/agence\/wp-content\/uploads\/2024\/09\/logo-MPC-HD-1.jpg\",\"width\":680,\"height\":434,\"caption\":\"Media Presse & Communication\"},\"image\":{\"@id\":\"https:\/\/mp-c.eu\/agence\/#\/schema\/logo\/image\/\"},\"sameAs\":[\"https:\/\/www.facebook.com\/agenceMPC\",\"https:\/\/x.com\/mapyntonga\",\"https:\/\/www.linkedin.com\/in\/marie-pierre-medouga-ndjikessi-6b2a7645\"]},{\"@type\":\"Person\",\"@id\":\"https:\/\/mp-c.eu\/agence\/#\/schema\/person\/344f85a775d8d4fd7648d2b329ab51e0\",\"name\":\"MPCadm\",\"image\":{\"@type\":\"ImageObject\",\"inLanguage\":\"fr-FR\",\"@id\":\"https:\/\/mp-c.eu\/agence\/#\/schema\/person\/image\/\",\"url\":\"https:\/\/secure.gravatar.com\/avatar\/6c55f3109e0e2279c147d8bb3ab215e5?s=96&d=mm&r=g\",\"contentUrl\":\"https:\/\/secure.gravatar.com\/avatar\/6c55f3109e0e2279c147d8bb3ab215e5?s=96&d=mm&r=g\",\"caption\":\"MPCadm\"},\"url\":\"https:\/\/mp-c.eu\/agence\/author\/mpcadm\/\"}]}<\/script>\n<!-- \/ Yoast SEO plugin. -->","yoast_head_json":{"title":"56% des Fran\u00e7ais font confiance aux associations - MPC","robots":{"index":"index","follow":"follow","max-snippet":"max-snippet:-1","max-image-preview":"max-image-preview:large","max-video-preview":"max-video-preview:-1"},"canonical":"https:\/\/mp-c.eu\/agence\/56-des-francais-font-confiance-aux-associations\/","og_locale":"fr_FR","og_type":"article","og_title":"56% des Fran\u00e7ais font confiance aux associations - MPC","og_description":"A l\u2019heure o\u00f9 des milliers de r\u00e9fugi\u00e9s affluent dans toute l\u2019Europe, la mobilisation des associations et fondations pour la prise en charge des missions de caract\u00e8re soci\u00e9tal est plus que jamais d\u2019actualit\u00e9. Dans un environnement marqu\u00e9 par le doute, les enseignements de cette 8\u00e8me \u00e9dition sont d\u2019autant plus int\u00e9ressants : Pr\u00e8s d\u20191 Fran\u00e7ais sur 2 [&hellip;]","og_url":"https:\/\/mp-c.eu\/agence\/56-des-francais-font-confiance-aux-associations\/","og_site_name":"MPC","article_publisher":"https:\/\/www.facebook.com\/agenceMPC","article_published_time":"2015-10-27T09:55:53+00:00","article_modified_time":"2024-12-08T23:45:31+00:00","og_image":[{"width":400,"height":267,"url":"https:\/\/mp-c.eu\/agence\/wp-content\/uploads\/2015\/10\/monde_associatif-e1452170980164.jpg","type":"image\/jpeg"}],"author":"MPCadm","twitter_card":"summary_large_image","twitter_creator":"@mapyntonga","twitter_site":"@mapyntonga","twitter_misc":{"\u00c9crit par":"MPCadm","Dur\u00e9e de lecture estim\u00e9e":"1 minute"},"schema":{"@context":"https:\/\/schema.org","@graph":[{"@type":"Article","@id":"https:\/\/mp-c.eu\/agence\/56-des-francais-font-confiance-aux-associations\/#article","isPartOf":{"@id":"https:\/\/mp-c.eu\/agence\/56-des-francais-font-confiance-aux-associations\/"},"author":{"name":"MPCadm","@id":"https:\/\/mp-c.eu\/agence\/#\/schema\/person\/344f85a775d8d4fd7648d2b329ab51e0"},"headline":"56% des Fran\u00e7ais font confiance aux associations","datePublished":"2015-10-27T09:55:53+00:00","dateModified":"2024-12-08T23:45:31+00:00","mainEntityOfPage":{"@id":"https:\/\/mp-c.eu\/agence\/56-des-francais-font-confiance-aux-associations\/"},"wordCount":163,"commentCount":0,"publisher":{"@id":"https:\/\/mp-c.eu\/agence\/#organization"},"image":{"@id":"https:\/\/mp-c.eu\/agence\/56-des-francais-font-confiance-aux-associations\/#primaryimage"},"thumbnailUrl":"https:\/\/mp-c.eu\/agence\/wp-content\/uploads\/2015\/10\/monde_associatif-e1452170980164.jpg","keywords":["confiance","statistiques"],"articleSection":["Vision RP"],"inLanguage":"fr-FR","potentialAction":[{"@type":"CommentAction","name":"Comment","target":["https:\/\/mp-c.eu\/agence\/56-des-francais-font-confiance-aux-associations\/#respond"]}]},{"@type":"WebPage","@id":"https:\/\/mp-c.eu\/agence\/56-des-francais-font-confiance-aux-associations\/","url":"https:\/\/mp-c.eu\/agence\/56-des-francais-font-confiance-aux-associations\/","name":"56% des Fran\u00e7ais font confiance aux associations - MPC","isPartOf":{"@id":"https:\/\/mp-c.eu\/agence\/#website"},"primaryImageOfPage":{"@id":"https:\/\/mp-c.eu\/agence\/56-des-francais-font-confiance-aux-associations\/#primaryimage"},"image":{"@id":"https:\/\/mp-c.eu\/agence\/56-des-francais-font-confiance-aux-associations\/#primaryimage"},"thumbnailUrl":"https:\/\/mp-c.eu\/agence\/wp-content\/uploads\/2015\/10\/monde_associatif-e1452170980164.jpg","datePublished":"2015-10-27T09:55:53+00:00","dateModified":"2024-12-08T23:45:31+00:00","breadcrumb":{"@id":"https:\/\/mp-c.eu\/agence\/56-des-francais-font-confiance-aux-associations\/#breadcrumb"},"inLanguage":"fr-FR","potentialAction":[{"@type":"ReadAction","target":["https:\/\/mp-c.eu\/agence\/56-des-francais-font-confiance-aux-associations\/"]}]},{"@type":"ImageObject","inLanguage":"fr-FR","@id":"https:\/\/mp-c.eu\/agence\/56-des-francais-font-confiance-aux-associations\/#primaryimage","url":"https:\/\/mp-c.eu\/agence\/wp-content\/uploads\/2015\/10\/monde_associatif-e1452170980164.jpg","contentUrl":"https:\/\/mp-c.eu\/agence\/wp-content\/uploads\/2015\/10\/monde_associatif-e1452170980164.jpg","width":400,"height":267},{"@type":"BreadcrumbList","@id":"https:\/\/mp-c.eu\/agence\/56-des-francais-font-confiance-aux-associations\/#breadcrumb","itemListElement":[{"@type":"ListItem","position":1,"name":"Accueil","item":"https:\/\/mp-c.eu\/agence\/"},{"@type":"ListItem","position":2,"name":"56% des Fran\u00e7ais font confiance aux associations"}]},{"@type":"WebSite","@id":"https:\/\/mp-c.eu\/agence\/#website","url":"https:\/\/mp-c.eu\/agence\/","name":"MPC","description":"Media Presse Communication - Marie-Pierre Medouga Ngikessi","publisher":{"@id":"https:\/\/mp-c.eu\/agence\/#organization"},"potentialAction":[{"@type":"SearchAction","target":{"@type":"EntryPoint","urlTemplate":"https:\/\/mp-c.eu\/agence\/?s={search_term_string}"},"query-input":{"@type":"PropertyValueSpecification","valueRequired":true,"valueName":"search_term_string"}}],"inLanguage":"fr-FR"},{"@type":"Organization","@id":"https:\/\/mp-c.eu\/agence\/#organization","name":"Media Presse & Communication","url":"https:\/\/mp-c.eu\/agence\/","logo":{"@type":"ImageObject","inLanguage":"fr-FR","@id":"https:\/\/mp-c.eu\/agence\/#\/schema\/logo\/image\/","url":"https:\/\/mp-c.eu\/agence\/wp-content\/uploads\/2024\/09\/logo-MPC-HD-1.jpg","contentUrl":"https:\/\/mp-c.eu\/agence\/wp-content\/uploads\/2024\/09\/logo-MPC-HD-1.jpg","width":680,"height":434,"caption":"Media Presse & Communication"},"image":{"@id":"https:\/\/mp-c.eu\/agence\/#\/schema\/logo\/image\/"},"sameAs":["https:\/\/www.facebook.com\/agenceMPC","https:\/\/x.com\/mapyntonga","https:\/\/www.linkedin.com\/in\/marie-pierre-medouga-ndjikessi-6b2a7645"]},{"@type":"Person","@id":"https:\/\/mp-c.eu\/agence\/#\/schema\/person\/344f85a775d8d4fd7648d2b329ab51e0","name":"MPCadm","image":{"@type":"ImageObject","inLanguage":"fr-FR","@id":"https:\/\/mp-c.eu\/agence\/#\/schema\/person\/image\/","url":"https:\/\/secure.gravatar.com\/avatar\/6c55f3109e0e2279c147d8bb3ab215e5?s=96&d=mm&r=g","contentUrl":"https:\/\/secure.gravatar.com\/avatar\/6c55f3109e0e2279c147d8bb3ab215e5?s=96&d=mm&r=g","caption":"MPCadm"},"url":"https:\/\/mp-c.eu\/agence\/author\/mpcadm\/"}]}},"_links":{"self":[{"href":"https:\/\/mp-c.eu\/agence\/wp-json\/wp\/v2\/posts\/47","targetHints":{"allow":["GET"]}}],"collection":[{"href":"https:\/\/mp-c.eu\/agence\/wp-json\/wp\/v2\/posts"}],"about":[{"href":"https:\/\/mp-c.eu\/agence\/wp-json\/wp\/v2\/types\/post"}],"author":[{"embeddable":true,"href":"https:\/\/mp-c.eu\/agence\/wp-json\/wp\/v2\/users\/1"}],"replies":[{"embeddable":true,"href":"https:\/\/mp-c.eu\/agence\/wp-json\/wp\/v2\/comments?post=47"}],"version-history":[{"count":1,"href":"https:\/\/mp-c.eu\/agence\/wp-json\/wp\/v2\/posts\/47\/revisions"}],"predecessor-version":[{"id":5884,"href":"https:\/\/mp-c.eu\/agence\/wp-json\/wp\/v2\/posts\/47\/revisions\/5884"}],"wp:featuredmedia":[{"embeddable":true,"href":"https:\/\/mp-c.eu\/agence\/wp-json\/wp\/v2\/media\/152"}],"wp:attachment":[{"href":"https:\/\/mp-c.eu\/agence\/wp-json\/wp\/v2\/media?parent=47"}],"wp:term":[{"taxonomy":"category","embeddable":true,"href":"https:\/\/mp-c.eu\/agence\/wp-json\/wp\/v2\/categories?post=47"},{"taxonomy":"post_tag","embeddable":true,"href":"https:\/\/mp-c.eu\/agence\/wp-json\/wp\/v2\/tags?post=47"}],"curies":[{"name":"wp","href":"https:\/\/api.w.org\/{rel}","templated":true}]}}