{"id":51,"date":"2015-09-29T11:08:51","date_gmt":"2015-09-29T10:08:51","guid":{"rendered":"http:\/\/mp-c.eu\/agence\/?p=51"},"modified":"2024-12-09T00:44:47","modified_gmt":"2024-12-08T23:44:47","slug":"le-dossier-de-presse-de-lexposition-meres-et-enfants-du-monde","status":"publish","type":"post","link":"https:\/\/mp-c.eu\/agence\/le-dossier-de-presse-de-lexposition-meres-et-enfants-du-monde\/","title":{"rendered":"Le dossier de Presse de l&rsquo;exposition \u00ab\u00a0M\u00e8res et enfants du monde\u00a0\u00bb"},"content":{"rendered":"<p>Au moment o\u00f9 les \u00e9crans des smartphones, des tablettes et d\u2019ordinateurs de toute l\u2019Europe sont satur\u00e9s d\u2019images macabres ou poignantes, une exposition consacr\u00e9e \u00e0 l\u2019amour maternel \u00e9tait indispensable. C\u2019est un v\u00e9ritable souffle de fra\u00eecheur et de tendresse dans un monde en proie \u00e0 de terribles convulsions. A travers cette exposition, Christina Drakos magnifie la vie et l\u2019amour ; l\u2019espoir et la tendresse ; la complicit\u00e9 et la beaut\u00e9 des moments partag\u00e9s.<\/p>\n<p><a href=\"http:\/\/www.mp-c.eu\/contenu\/documents\/1443553419-Dossier_de_presse_meres_enfants.exposition2015.pdf\" target=\"_blank\">T\u00e9l\u00e9charger le dossier de de presse<\/a> &#8211; r\u00e9serv\u00e9 aux journalistes &#8211;<br \/>\n<a href=\"http:\/\/www.mp-c.eu\/contenu\/documents\/1442556551-vernissage.pdf\" target=\"_blank\">T\u00e9l\u00e9chargez l&rsquo;invitation<\/a><br \/>\n<a href=\"http:\/\/www.mp-c.eu\/contenu\/documents\/1442850086-newsletter-grand_public.pdf\" target=\"_blank\">Newsletter \u00e0 t\u00e9l\u00e9charger ici<\/a><\/p>\n","protected":false},"excerpt":{"rendered":"<p>Au moment o\u00f9 les \u00e9crans des smartphones, des tablettes et d\u2019ordinateurs de toute l\u2019Europe sont satur\u00e9s d\u2019images macabres ou poignantes, une exposition consacr\u00e9e \u00e0 l\u2019amour maternel \u00e9tait indispensable. C\u2019est un v\u00e9ritable souffle de fra\u00eecheur et de tendresse dans un monde en proie \u00e0 de terribles convulsions. A travers cette exposition, Christina Drakos magnifie la vie [&hellip;]<\/p>\n","protected":false},"author":1,"featured_media":644,"comment_status":"open","ping_status":"open","sticky":false,"template":"","format":"standard","meta":{"_acf_changed":false,"_et_pb_use_builder":"","_et_pb_old_content":"","_et_gb_content_width":"","_exactmetrics_skip_tracking":false,"_exactmetrics_sitenote_active":false,"_exactmetrics_sitenote_note":"","_exactmetrics_sitenote_category":0,"footnotes":""},"categories":[36],"tags":[20,46,47],"class_list":["post-51","post","type-post","status-publish","format-standard","has-post-thumbnail","hentry","category-presse","tag-enfants","tag-exposition","tag-meres"],"acf":[],"yoast_head":"<!-- This site is optimized with the Yoast SEO plugin v26.5 - https:\/\/yoast.com\/wordpress\/plugins\/seo\/ -->\n<title>Le dossier de Presse de l&#039;exposition &quot;M\u00e8res et enfants du monde&quot; - MPC<\/title>\n<meta name=\"robots\" content=\"index, follow, max-snippet:-1, max-image-preview:large, max-video-preview:-1\" \/>\n<link rel=\"canonical\" href=\"https:\/\/mp-c.eu\/agence\/le-dossier-de-presse-de-lexposition-meres-et-enfants-du-monde\/\" \/>\n<meta property=\"og:locale\" content=\"fr_FR\" \/>\n<meta property=\"og:type\" content=\"article\" \/>\n<meta property=\"og:title\" content=\"Le dossier de Presse de l&#039;exposition &quot;M\u00e8res et enfants du monde&quot; - MPC\" \/>\n<meta property=\"og:description\" content=\"Au moment o\u00f9 les \u00e9crans des smartphones, des tablettes et d\u2019ordinateurs de toute l\u2019Europe sont satur\u00e9s d\u2019images macabres ou poignantes, une exposition consacr\u00e9e \u00e0 l\u2019amour maternel \u00e9tait indispensable. C\u2019est un v\u00e9ritable souffle de fra\u00eecheur et de tendresse dans un monde en proie \u00e0 de terribles convulsions. A travers cette exposition, Christina Drakos magnifie la vie [&hellip;]\" \/>\n<meta property=\"og:url\" content=\"https:\/\/mp-c.eu\/agence\/le-dossier-de-presse-de-lexposition-meres-et-enfants-du-monde\/\" \/>\n<meta property=\"og:site_name\" content=\"MPC\" \/>\n<meta property=\"article:publisher\" content=\"https:\/\/www.facebook.com\/agenceMPC\" \/>\n<meta property=\"article:published_time\" content=\"2015-09-29T10:08:51+00:00\" \/>\n<meta property=\"article:modified_time\" content=\"2024-12-08T23:44:47+00:00\" \/>\n<meta property=\"og:image\" content=\"https:\/\/mp-c.eu\/agence\/wp-content\/uploads\/2015\/09\/meres-et-enfants-du-monde-sagapo-2.png\" \/>\n\t<meta property=\"og:image:width\" content=\"633\" \/>\n\t<meta property=\"og:image:height\" content=\"413\" \/>\n\t<meta property=\"og:image:type\" content=\"image\/png\" \/>\n<meta name=\"author\" content=\"MPCadm\" \/>\n<meta name=\"twitter:card\" content=\"summary_large_image\" \/>\n<meta name=\"twitter:creator\" content=\"@mapyntonga\" \/>\n<meta name=\"twitter:site\" content=\"@mapyntonga\" \/>\n<meta name=\"twitter:label1\" content=\"\u00c9crit par\" \/>\n\t<meta name=\"twitter:data1\" content=\"MPCadm\" \/>\n\t<meta name=\"twitter:label2\" content=\"Dur\u00e9e de lecture estim\u00e9e\" \/>\n\t<meta name=\"twitter:data2\" content=\"1 minute\" \/>\n<script type=\"application\/ld+json\" class=\"yoast-schema-graph\">{\"@context\":\"https:\/\/schema.org\",\"@graph\":[{\"@type\":\"Article\",\"@id\":\"https:\/\/mp-c.eu\/agence\/le-dossier-de-presse-de-lexposition-meres-et-enfants-du-monde\/#article\",\"isPartOf\":{\"@id\":\"https:\/\/mp-c.eu\/agence\/le-dossier-de-presse-de-lexposition-meres-et-enfants-du-monde\/\"},\"author\":{\"name\":\"MPCadm\",\"@id\":\"https:\/\/mp-c.eu\/agence\/#\/schema\/person\/344f85a775d8d4fd7648d2b329ab51e0\"},\"headline\":\"Le dossier de Presse de l&rsquo;exposition \u00ab\u00a0M\u00e8res et enfants du monde\u00a0\u00bb\",\"datePublished\":\"2015-09-29T10:08:51+00:00\",\"dateModified\":\"2024-12-08T23:44:47+00:00\",\"mainEntityOfPage\":{\"@id\":\"https:\/\/mp-c.eu\/agence\/le-dossier-de-presse-de-lexposition-meres-et-enfants-du-monde\/\"},\"wordCount\":114,\"commentCount\":0,\"publisher\":{\"@id\":\"https:\/\/mp-c.eu\/agence\/#organization\"},\"image\":{\"@id\":\"https:\/\/mp-c.eu\/agence\/le-dossier-de-presse-de-lexposition-meres-et-enfants-du-monde\/#primaryimage\"},\"thumbnailUrl\":\"https:\/\/mp-c.eu\/agence\/wp-content\/uploads\/2015\/09\/meres-et-enfants-du-monde-sagapo-2.png\",\"keywords\":[\"enfants\",\"Exposition\",\"m\u00e8res\"],\"articleSection\":[\"Presse\"],\"inLanguage\":\"fr-FR\",\"potentialAction\":[{\"@type\":\"CommentAction\",\"name\":\"Comment\",\"target\":[\"https:\/\/mp-c.eu\/agence\/le-dossier-de-presse-de-lexposition-meres-et-enfants-du-monde\/#respond\"]}]},{\"@type\":\"WebPage\",\"@id\":\"https:\/\/mp-c.eu\/agence\/le-dossier-de-presse-de-lexposition-meres-et-enfants-du-monde\/\",\"url\":\"https:\/\/mp-c.eu\/agence\/le-dossier-de-presse-de-lexposition-meres-et-enfants-du-monde\/\",\"name\":\"Le dossier de Presse de l'exposition \\\"M\u00e8res et enfants du monde\\\" - MPC\",\"isPartOf\":{\"@id\":\"https:\/\/mp-c.eu\/agence\/#website\"},\"primaryImageOfPage\":{\"@id\":\"https:\/\/mp-c.eu\/agence\/le-dossier-de-presse-de-lexposition-meres-et-enfants-du-monde\/#primaryimage\"},\"image\":{\"@id\":\"https:\/\/mp-c.eu\/agence\/le-dossier-de-presse-de-lexposition-meres-et-enfants-du-monde\/#primaryimage\"},\"thumbnailUrl\":\"https:\/\/mp-c.eu\/agence\/wp-content\/uploads\/2015\/09\/meres-et-enfants-du-monde-sagapo-2.png\",\"datePublished\":\"2015-09-29T10:08:51+00:00\",\"dateModified\":\"2024-12-08T23:44:47+00:00\",\"breadcrumb\":{\"@id\":\"https:\/\/mp-c.eu\/agence\/le-dossier-de-presse-de-lexposition-meres-et-enfants-du-monde\/#breadcrumb\"},\"inLanguage\":\"fr-FR\",\"potentialAction\":[{\"@type\":\"ReadAction\",\"target\":[\"https:\/\/mp-c.eu\/agence\/le-dossier-de-presse-de-lexposition-meres-et-enfants-du-monde\/\"]}]},{\"@type\":\"ImageObject\",\"inLanguage\":\"fr-FR\",\"@id\":\"https:\/\/mp-c.eu\/agence\/le-dossier-de-presse-de-lexposition-meres-et-enfants-du-monde\/#primaryimage\",\"url\":\"https:\/\/mp-c.eu\/agence\/wp-content\/uploads\/2015\/09\/meres-et-enfants-du-monde-sagapo-2.png\",\"contentUrl\":\"https:\/\/mp-c.eu\/agence\/wp-content\/uploads\/2015\/09\/meres-et-enfants-du-monde-sagapo-2.png\",\"width\":633,\"height\":413},{\"@type\":\"BreadcrumbList\",\"@id\":\"https:\/\/mp-c.eu\/agence\/le-dossier-de-presse-de-lexposition-meres-et-enfants-du-monde\/#breadcrumb\",\"itemListElement\":[{\"@type\":\"ListItem\",\"position\":1,\"name\":\"Accueil\",\"item\":\"https:\/\/mp-c.eu\/agence\/\"},{\"@type\":\"ListItem\",\"position\":2,\"name\":\"Le dossier de Presse de l&rsquo;exposition \u00ab\u00a0M\u00e8res et enfants du monde\u00a0\u00bb\"}]},{\"@type\":\"WebSite\",\"@id\":\"https:\/\/mp-c.eu\/agence\/#website\",\"url\":\"https:\/\/mp-c.eu\/agence\/\",\"name\":\"MPC\",\"description\":\"Media Presse Communication - Marie-Pierre Medouga Ngikessi\",\"publisher\":{\"@id\":\"https:\/\/mp-c.eu\/agence\/#organization\"},\"potentialAction\":[{\"@type\":\"SearchAction\",\"target\":{\"@type\":\"EntryPoint\",\"urlTemplate\":\"https:\/\/mp-c.eu\/agence\/?s={search_term_string}\"},\"query-input\":{\"@type\":\"PropertyValueSpecification\",\"valueRequired\":true,\"valueName\":\"search_term_string\"}}],\"inLanguage\":\"fr-FR\"},{\"@type\":\"Organization\",\"@id\":\"https:\/\/mp-c.eu\/agence\/#organization\",\"name\":\"Media Presse & Communication\",\"url\":\"https:\/\/mp-c.eu\/agence\/\",\"logo\":{\"@type\":\"ImageObject\",\"inLanguage\":\"fr-FR\",\"@id\":\"https:\/\/mp-c.eu\/agence\/#\/schema\/logo\/image\/\",\"url\":\"https:\/\/mp-c.eu\/agence\/wp-content\/uploads\/2024\/09\/logo-MPC-HD-1.jpg\",\"contentUrl\":\"https:\/\/mp-c.eu\/agence\/wp-content\/uploads\/2024\/09\/logo-MPC-HD-1.jpg\",\"width\":680,\"height\":434,\"caption\":\"Media Presse & Communication\"},\"image\":{\"@id\":\"https:\/\/mp-c.eu\/agence\/#\/schema\/logo\/image\/\"},\"sameAs\":[\"https:\/\/www.facebook.com\/agenceMPC\",\"https:\/\/x.com\/mapyntonga\",\"https:\/\/www.linkedin.com\/in\/marie-pierre-medouga-ndjikessi-6b2a7645\"]},{\"@type\":\"Person\",\"@id\":\"https:\/\/mp-c.eu\/agence\/#\/schema\/person\/344f85a775d8d4fd7648d2b329ab51e0\",\"name\":\"MPCadm\",\"image\":{\"@type\":\"ImageObject\",\"inLanguage\":\"fr-FR\",\"@id\":\"https:\/\/mp-c.eu\/agence\/#\/schema\/person\/image\/\",\"url\":\"https:\/\/secure.gravatar.com\/avatar\/6c55f3109e0e2279c147d8bb3ab215e5?s=96&d=mm&r=g\",\"contentUrl\":\"https:\/\/secure.gravatar.com\/avatar\/6c55f3109e0e2279c147d8bb3ab215e5?s=96&d=mm&r=g\",\"caption\":\"MPCadm\"},\"url\":\"https:\/\/mp-c.eu\/agence\/author\/mpcadm\/\"}]}<\/script>\n<!-- \/ Yoast SEO plugin. -->","yoast_head_json":{"title":"Le dossier de Presse de l'exposition \"M\u00e8res et enfants du monde\" - MPC","robots":{"index":"index","follow":"follow","max-snippet":"max-snippet:-1","max-image-preview":"max-image-preview:large","max-video-preview":"max-video-preview:-1"},"canonical":"https:\/\/mp-c.eu\/agence\/le-dossier-de-presse-de-lexposition-meres-et-enfants-du-monde\/","og_locale":"fr_FR","og_type":"article","og_title":"Le dossier de Presse de l'exposition \"M\u00e8res et enfants du monde\" - MPC","og_description":"Au moment o\u00f9 les \u00e9crans des smartphones, des tablettes et d\u2019ordinateurs de toute l\u2019Europe sont satur\u00e9s d\u2019images macabres ou poignantes, une exposition consacr\u00e9e \u00e0 l\u2019amour maternel \u00e9tait indispensable. C\u2019est un v\u00e9ritable souffle de fra\u00eecheur et de tendresse dans un monde en proie \u00e0 de terribles convulsions. A travers cette exposition, Christina Drakos magnifie la vie [&hellip;]","og_url":"https:\/\/mp-c.eu\/agence\/le-dossier-de-presse-de-lexposition-meres-et-enfants-du-monde\/","og_site_name":"MPC","article_publisher":"https:\/\/www.facebook.com\/agenceMPC","article_published_time":"2015-09-29T10:08:51+00:00","article_modified_time":"2024-12-08T23:44:47+00:00","og_image":[{"width":633,"height":413,"url":"https:\/\/mp-c.eu\/agence\/wp-content\/uploads\/2015\/09\/meres-et-enfants-du-monde-sagapo-2.png","type":"image\/png"}],"author":"MPCadm","twitter_card":"summary_large_image","twitter_creator":"@mapyntonga","twitter_site":"@mapyntonga","twitter_misc":{"\u00c9crit par":"MPCadm","Dur\u00e9e de lecture estim\u00e9e":"1 minute"},"schema":{"@context":"https:\/\/schema.org","@graph":[{"@type":"Article","@id":"https:\/\/mp-c.eu\/agence\/le-dossier-de-presse-de-lexposition-meres-et-enfants-du-monde\/#article","isPartOf":{"@id":"https:\/\/mp-c.eu\/agence\/le-dossier-de-presse-de-lexposition-meres-et-enfants-du-monde\/"},"author":{"name":"MPCadm","@id":"https:\/\/mp-c.eu\/agence\/#\/schema\/person\/344f85a775d8d4fd7648d2b329ab51e0"},"headline":"Le dossier de Presse de l&rsquo;exposition \u00ab\u00a0M\u00e8res et enfants du monde\u00a0\u00bb","datePublished":"2015-09-29T10:08:51+00:00","dateModified":"2024-12-08T23:44:47+00:00","mainEntityOfPage":{"@id":"https:\/\/mp-c.eu\/agence\/le-dossier-de-presse-de-lexposition-meres-et-enfants-du-monde\/"},"wordCount":114,"commentCount":0,"publisher":{"@id":"https:\/\/mp-c.eu\/agence\/#organization"},"image":{"@id":"https:\/\/mp-c.eu\/agence\/le-dossier-de-presse-de-lexposition-meres-et-enfants-du-monde\/#primaryimage"},"thumbnailUrl":"https:\/\/mp-c.eu\/agence\/wp-content\/uploads\/2015\/09\/meres-et-enfants-du-monde-sagapo-2.png","keywords":["enfants","Exposition","m\u00e8res"],"articleSection":["Presse"],"inLanguage":"fr-FR","potentialAction":[{"@type":"CommentAction","name":"Comment","target":["https:\/\/mp-c.eu\/agence\/le-dossier-de-presse-de-lexposition-meres-et-enfants-du-monde\/#respond"]}]},{"@type":"WebPage","@id":"https:\/\/mp-c.eu\/agence\/le-dossier-de-presse-de-lexposition-meres-et-enfants-du-monde\/","url":"https:\/\/mp-c.eu\/agence\/le-dossier-de-presse-de-lexposition-meres-et-enfants-du-monde\/","name":"Le dossier de Presse de l'exposition \"M\u00e8res et enfants du monde\" - MPC","isPartOf":{"@id":"https:\/\/mp-c.eu\/agence\/#website"},"primaryImageOfPage":{"@id":"https:\/\/mp-c.eu\/agence\/le-dossier-de-presse-de-lexposition-meres-et-enfants-du-monde\/#primaryimage"},"image":{"@id":"https:\/\/mp-c.eu\/agence\/le-dossier-de-presse-de-lexposition-meres-et-enfants-du-monde\/#primaryimage"},"thumbnailUrl":"https:\/\/mp-c.eu\/agence\/wp-content\/uploads\/2015\/09\/meres-et-enfants-du-monde-sagapo-2.png","datePublished":"2015-09-29T10:08:51+00:00","dateModified":"2024-12-08T23:44:47+00:00","breadcrumb":{"@id":"https:\/\/mp-c.eu\/agence\/le-dossier-de-presse-de-lexposition-meres-et-enfants-du-monde\/#breadcrumb"},"inLanguage":"fr-FR","potentialAction":[{"@type":"ReadAction","target":["https:\/\/mp-c.eu\/agence\/le-dossier-de-presse-de-lexposition-meres-et-enfants-du-monde\/"]}]},{"@type":"ImageObject","inLanguage":"fr-FR","@id":"https:\/\/mp-c.eu\/agence\/le-dossier-de-presse-de-lexposition-meres-et-enfants-du-monde\/#primaryimage","url":"https:\/\/mp-c.eu\/agence\/wp-content\/uploads\/2015\/09\/meres-et-enfants-du-monde-sagapo-2.png","contentUrl":"https:\/\/mp-c.eu\/agence\/wp-content\/uploads\/2015\/09\/meres-et-enfants-du-monde-sagapo-2.png","width":633,"height":413},{"@type":"BreadcrumbList","@id":"https:\/\/mp-c.eu\/agence\/le-dossier-de-presse-de-lexposition-meres-et-enfants-du-monde\/#breadcrumb","itemListElement":[{"@type":"ListItem","position":1,"name":"Accueil","item":"https:\/\/mp-c.eu\/agence\/"},{"@type":"ListItem","position":2,"name":"Le dossier de Presse de l&rsquo;exposition \u00ab\u00a0M\u00e8res et enfants du monde\u00a0\u00bb"}]},{"@type":"WebSite","@id":"https:\/\/mp-c.eu\/agence\/#website","url":"https:\/\/mp-c.eu\/agence\/","name":"MPC","description":"Media Presse Communication - Marie-Pierre Medouga Ngikessi","publisher":{"@id":"https:\/\/mp-c.eu\/agence\/#organization"},"potentialAction":[{"@type":"SearchAction","target":{"@type":"EntryPoint","urlTemplate":"https:\/\/mp-c.eu\/agence\/?s={search_term_string}"},"query-input":{"@type":"PropertyValueSpecification","valueRequired":true,"valueName":"search_term_string"}}],"inLanguage":"fr-FR"},{"@type":"Organization","@id":"https:\/\/mp-c.eu\/agence\/#organization","name":"Media Presse & Communication","url":"https:\/\/mp-c.eu\/agence\/","logo":{"@type":"ImageObject","inLanguage":"fr-FR","@id":"https:\/\/mp-c.eu\/agence\/#\/schema\/logo\/image\/","url":"https:\/\/mp-c.eu\/agence\/wp-content\/uploads\/2024\/09\/logo-MPC-HD-1.jpg","contentUrl":"https:\/\/mp-c.eu\/agence\/wp-content\/uploads\/2024\/09\/logo-MPC-HD-1.jpg","width":680,"height":434,"caption":"Media Presse & Communication"},"image":{"@id":"https:\/\/mp-c.eu\/agence\/#\/schema\/logo\/image\/"},"sameAs":["https:\/\/www.facebook.com\/agenceMPC","https:\/\/x.com\/mapyntonga","https:\/\/www.linkedin.com\/in\/marie-pierre-medouga-ndjikessi-6b2a7645"]},{"@type":"Person","@id":"https:\/\/mp-c.eu\/agence\/#\/schema\/person\/344f85a775d8d4fd7648d2b329ab51e0","name":"MPCadm","image":{"@type":"ImageObject","inLanguage":"fr-FR","@id":"https:\/\/mp-c.eu\/agence\/#\/schema\/person\/image\/","url":"https:\/\/secure.gravatar.com\/avatar\/6c55f3109e0e2279c147d8bb3ab215e5?s=96&d=mm&r=g","contentUrl":"https:\/\/secure.gravatar.com\/avatar\/6c55f3109e0e2279c147d8bb3ab215e5?s=96&d=mm&r=g","caption":"MPCadm"},"url":"https:\/\/mp-c.eu\/agence\/author\/mpcadm\/"}]}},"_links":{"self":[{"href":"https:\/\/mp-c.eu\/agence\/wp-json\/wp\/v2\/posts\/51","targetHints":{"allow":["GET"]}}],"collection":[{"href":"https:\/\/mp-c.eu\/agence\/wp-json\/wp\/v2\/posts"}],"about":[{"href":"https:\/\/mp-c.eu\/agence\/wp-json\/wp\/v2\/types\/post"}],"author":[{"embeddable":true,"href":"https:\/\/mp-c.eu\/agence\/wp-json\/wp\/v2\/users\/1"}],"replies":[{"embeddable":true,"href":"https:\/\/mp-c.eu\/agence\/wp-json\/wp\/v2\/comments?post=51"}],"version-history":[{"count":1,"href":"https:\/\/mp-c.eu\/agence\/wp-json\/wp\/v2\/posts\/51\/revisions"}],"predecessor-version":[{"id":5878,"href":"https:\/\/mp-c.eu\/agence\/wp-json\/wp\/v2\/posts\/51\/revisions\/5878"}],"wp:featuredmedia":[{"embeddable":true,"href":"https:\/\/mp-c.eu\/agence\/wp-json\/wp\/v2\/media\/644"}],"wp:attachment":[{"href":"https:\/\/mp-c.eu\/agence\/wp-json\/wp\/v2\/media?parent=51"}],"wp:term":[{"taxonomy":"category","embeddable":true,"href":"https:\/\/mp-c.eu\/agence\/wp-json\/wp\/v2\/categories?post=51"},{"taxonomy":"post_tag","embeddable":true,"href":"https:\/\/mp-c.eu\/agence\/wp-json\/wp\/v2\/tags?post=51"}],"curies":[{"name":"wp","href":"https:\/\/api.w.org\/{rel}","templated":true}]}}